{"id":135956,"date":"2026-01-14T16:57:08","date_gmt":"2026-01-14T16:57:08","guid":{"rendered":"https:\/\/www.europesays.com\/se\/135956\/"},"modified":"2026-01-14T16:57:08","modified_gmt":"2026-01-14T16:57:08","slug":"polisen-om-orebrodadet-maste-ga-snabbare","status":"publish","type":"post","link":"https:\/\/www.europesays.com\/se\/135956\/","title":{"rendered":"Polisen om \u00d6rebrod\u00e5det: \u201dM\u00e5ste g\u00e5 snabbare\u201d"},"content":{"rendered":"<p class=\"boxtextgrotesk-root_baa6 hyperion-css-7pajle\">Uppdaterad 15.44 | Publicerad 14.08<\/p>\n<p>share-arrowDela<\/p>\n<p>unsaveSpara<\/p>\n<p>expand-left<\/p>\n<p>helsk\u00e4rm<img decoding=\"async\" class=\"image-asset hyperion-css-u06ts1\" data-test-tag=\"image-asset\" src=\"https:\/\/www.europesays.com\/se\/wp-content\/uploads\/2026\/01\/d1bfd001-1957-417d-9bea-8319e35f3c68.jpeg\"  alt=\"Polisavsp\u00e4rrningar vid Risbergska i \u00d6rebro efter skottd\u00e5det i fjol.\"  loading=\"eager\" fetchpriority=\"high\" style=\"aspect-ratio:1900 \/ 1289\"\/>Polisavsp\u00e4rrningar vid Risbergska i \u00d6rebro efter skottd\u00e5det i fjol. Foto: Anders Wiklund\/TT<\/p>\n<p class=\"hyperion-css-1shl3oz\" data-test-tag=\"lead-text\">Det tog l\u00e5ng tid innan livr\u00e4ddningen efter massmordet i \u00d6rebro kunde b\u00f6rja, enligt polisens egen granskning.<\/p>\n<p class=\"hyperion-css-1shl3oz\" data-test-tag=\"lead-text\">\u2013 Det m\u00e5ste g\u00e5 snabbare, s\u00e4ger Erik Nord som gjort utv\u00e4rderingen.<\/p>\n<p class=\"hyperion-css-1v9qo5x\">Skolattacken p\u00e5 Campus Risbergska inleddes klockan 12.31 den 4 februari f\u00f6rra \u00e5ret.<\/p>\n<p class=\"hyperion-css-1v9qo5x\">Mindre \u00e4n en kvart senare hade g\u00e4rningsmannen, 35-\u00e5rige Rickard Andersson, skjutit ihj\u00e4l tio personer och d\u00e4rp\u00e5 tagit sitt eget liv.<\/p>\n<p class=\"hyperion-css-1v9qo5x\">Mycket av polisens insatser fungerade bra. En svaghet var dock att det tog l\u00e5ng tid innan livr\u00e4ddande insatser kunde inledas, enligt en utv\u00e4rdering som nu \u00e4r klar.<\/p>\n<p class=\"hyperion-css-1v9qo5x\">En av dem som m\u00f6rdades kan ha levt i uppemot 30 minuter efter att ha skottskadats. Ett annat av d\u00f6dsoffren levde i uppskattningsvis 45 minuter och hann b\u00e5de ringa och ta emot flera telefonsamtal.<\/p>\n<p class=\"hyperion-css-1v9qo5x\">\u2013 Vi vet inte om det hade g\u00e5tt att r\u00e4dda deras liv. Men det finns ju uppgifter om att en person levde i 45 minuter, s\u00e5 det \u00e4r klart att det kanske hade funnits en m\u00f6jlighet, s\u00e4ger Erik Nord, som \u00e4r chef f\u00f6r utredningsenheten i polisregion V\u00e4st.<\/p>\n<p class=\"hyperion-css-1v9qo5x\">\u2013 Po\u00e4ngen \u00e4r att vi m\u00e5ste b\u00f6rja \u00f6va \u00e4ven p\u00e5 de h\u00e4r bitarna.<\/p>\n<p>Beh\u00f6ver komplettering<\/p>\n<p class=\"hyperion-css-1v9qo5x\">Det som f\u00f6rdr\u00f6jde livr\u00e4ddningen var enligt utv\u00e4rderingen bland annat uppgifter om att det kunde finnas fler g\u00e4rningspersoner. Arbetet f\u00f6rsv\u00e5rades ocks\u00e5 av Risbergskas storlek och av att Rickard Andersson anv\u00e4nde r\u00f6kgranater.<\/p>\n<p class=\"hyperion-css-1v9qo5x\">Enligt Erik Nord fungerade polisens s\u00e5 kallade PDV-metod (p\u00e5g\u00e5ende d\u00f6dligt v\u00e5ld) i grunden dock bra.<\/p>\n<p class=\"hyperion-css-1v9qo5x\">D\u00e4remot beh\u00f6ver metoden kompletteras med snabbare livr\u00e4ddande insatser, anser han.<\/p>\n<p class=\"hyperion-css-1v9qo5x\">\u2013 Det h\u00e4r arbetet sker redan p\u00e5 flera platser, men bara lokalt. Det jag f\u00f6resl\u00e5r \u00e4r att vi ska ta fram en nationell metod f\u00f6r det, s\u00e4ger Erik Nord.<\/p>\n<p>\u201dR\u00e4ddade liv\u201d<\/p>\n<p class=\"hyperion-css-1v9qo5x\">Han hyllar samtidigt skolan, som h\u00f6sten 2023 genomf\u00f6rde en egen PDV-utbildning.<\/p>\n<p class=\"hyperion-css-1v9qo5x\">\u2013 Den r\u00e4ddade m\u00e5nga liv. Jag tror att g\u00e4rningsmannen hade avsikt, m\u00f6jlighet och motivation f\u00f6r att d\u00f6da fler personer. Men han hittade inte fler att skjuta helt enkelt, tack var den inrymning som gjordes, s\u00e4ger Erik Nord.<\/p>\n<p class=\"hyperion-css-1v9qo5x\">Utv\u00e4rderingen ska nu g\u00e5s igenom innan beslut om eventuella \u00e5tg\u00e4rder fattas.<\/p>\n<p class=\"hyperion-css-1v9qo5x\">\u201dDet \u00e4r en avv\u00e4gning mellan risk f\u00f6r framf\u00f6r allt r\u00e4ddningstj\u00e4nstens personal och efterfr\u00e5gad snabbhet, och det \u00e4r n\u00e5got vi beh\u00f6ver ta med oss i v\u00e5r samverkan med r\u00e4ddningstj\u00e4nst och sjukv\u00e5rd fram\u00f6ver\u201d, s\u00e4ger Johan Olsson, chef p\u00e5 den nationella operativa avdelningen (Noa), till polisens sajt.<\/p>\n<p>FAKTAMassmordet i \u00d6rebro<\/p>\n<p class=\"hyperion-css-jonaf8\">Tio personer d\u00f6dades och sex skadades n\u00e4r 35-\u00e5rige Rickard Andersson \u00f6ppnade eld inne p\u00e5 Campus Risbergska i \u00d6rebro den 4 februari 2025.<\/p>\n<p class=\"hyperion-css-jonaf8\">Det f\u00f6rsta larmet om skottlossning kom klockan 12.33.<\/p>\n<p class=\"hyperion-css-jonaf8\">De f\u00f6rsta poliserna var p\u00e5 plats drygt fem minuter efter larmet. N\u00e4r de gick in i skolan m\u00f6ttes de bland annat av r\u00f6kutveckling, men blev ocks\u00e5 beskjutna av Rickard Andersson.<\/p>\n<p class=\"hyperion-css-jonaf8\">Kort efter det att polis anl\u00e4nde till skolan, klockan 12.45, tog Andersson sitt eget liv.<\/p>\n<p class=\"hyperion-css-jonaf8\">Den akuta polisinsatsen avbr\u00f6ts efter cirka en timme, 13.40, sedan g\u00e4rningsmannen hittats d\u00f6d med flera vapen bredvid sig.<\/p>\n<p class=\"hyperion-css-jonaf8\">K\u00e4lla: Polisen<\/p>\n<p>L\u00e4s mer<\/p>\n","protected":false},"excerpt":{"rendered":"Uppdaterad 15.44 | Publicerad 14.08 share-arrowDela unsaveSpara expand-left helsk\u00e4rmPolisavsp\u00e4rrningar vid Risbergska i \u00d6rebro efter skottd\u00e5det i fjol. Foto:&hellip;\n","protected":false},"author":2,"featured_media":135957,"comment_status":"","ping_status":"","sticky":false,"template":"","format":"standard","meta":{"footnotes":""},"categories":[5],"tags":[22,23,26,27,17,21,24,25,28,29,15,16,18,34,31,33,32,30,19,20],"class_list":{"0":"post-135956","1":"post","2":"type-post","3":"status-publish","4":"format-standard","5":"has-post-thumbnail","7":"category-rubriker","8":"tag-breaking-news","9":"tag-breakingnews","10":"tag-featured-news","11":"tag-featurednews","12":"tag-headlines","13":"tag-huvudnyheter","14":"tag-latest-news","15":"tag-latestnews","16":"tag-main-news","17":"tag-mainnews","18":"tag-news","19":"tag-nyheter","20":"tag-rubriker","21":"tag-se","22":"tag-svenska","23":"tag-sverige","24":"tag-sweden","25":"tag-swedish","26":"tag-top-stories","27":"tag-topstories"},"share_on_mastodon":{"url":"https:\/\/pubeurope.com\/@se\/115894514042620252","error":""},"_links":{"self":[{"href":"https:\/\/www.europesays.com\/se\/wp-json\/wp\/v2\/posts\/135956","targetHints":{"allow":["GET"]}}],"collection":[{"href":"https:\/\/www.europesays.com\/se\/wp-json\/wp\/v2\/posts"}],"about":[{"href":"https:\/\/www.europesays.com\/se\/wp-json\/wp\/v2\/types\/post"}],"author":[{"embeddable":true,"href":"https:\/\/www.europesays.com\/se\/wp-json\/wp\/v2\/users\/2"}],"replies":[{"embeddable":true,"href":"https:\/\/www.europesays.com\/se\/wp-json\/wp\/v2\/comments?post=135956"}],"version-history":[{"count":0,"href":"https:\/\/www.europesays.com\/se\/wp-json\/wp\/v2\/posts\/135956\/revisions"}],"wp:featuredmedia":[{"embeddable":true,"href":"https:\/\/www.europesays.com\/se\/wp-json\/wp\/v2\/media\/135957"}],"wp:attachment":[{"href":"https:\/\/www.europesays.com\/se\/wp-json\/wp\/v2\/media?parent=135956"}],"wp:term":[{"taxonomy":"category","embeddable":true,"href":"https:\/\/www.europesays.com\/se\/wp-json\/wp\/v2\/categories?post=135956"},{"taxonomy":"post_tag","embeddable":true,"href":"https:\/\/www.europesays.com\/se\/wp-json\/wp\/v2\/tags?post=135956"}],"curies":[{"name":"wp","href":"https:\/\/api.w.org\/{rel}","templated":true}]}}