{"id":135959,"date":"2026-01-14T17:00:09","date_gmt":"2026-01-14T17:00:09","guid":{"rendered":"https:\/\/www.europesays.com\/se\/135959\/"},"modified":"2026-01-14T17:00:09","modified_gmt":"2026-01-14T17:00:09","slug":"felicia-hard-popmuzik","status":"publish","type":"post","link":"https:\/\/www.europesays.com\/se\/135959\/","title":{"rendered":"FELICIA &#8211; Hard &#8211; Popmuzik"},"content":{"rendered":"<p>Det drar ihop sig. Snart ska <strong>FELICIA<\/strong> st\u00e4lla sig i Scandinavium h\u00e4r i G\u00f6teborg f\u00f6r att framf\u00f6ra t\u00e4vlingsbidraget My system. F\u00f6r att bygga upp hypen inf\u00f6r sitt andra t\u00e4vlande i <strong>Melodifestivalen<\/strong> sl\u00e4ppte hon nyligen singeln Hard. En poppig klubbl\u00e5t som \u00e4r som klippt och skuren f\u00f6r topp- och spellistorna. Eller vad s\u00e4ger du? <\/p>\n<p><a href=\"https:\/\/music.apple.com\/profile\/popmuzik_se\" rel=\"nofollow noopener\" target=\"_blank\"><img decoding=\"async\" src=\"https:\/\/www.europesays.com\/se\/wp-content\/uploads\/2025\/11\/Banner-Apple-Music-2024.png\" alt=\"Apple Music\" class=\"lazyload\" style=\"--smush-placeholder-width: 1900px; --smush-placeholder-aspect-ratio: 1900\/1100;\"\/><\/a><\/p>\n<p>Det \u00e4r lekfullt och med en sk\u00f6n attityd som boostar sj\u00e4lvf\u00f6rtroendet. Att vara dig sj\u00e4lv och ha huvudrollen i ditt liv. <\/p>\n<p>Om singeln ber\u00e4ttar FELICIA: <\/p>\n<blockquote class=\"wp-block-quote is-layout-flow wp-block-quote-is-layout-flow\">\n<p>\u201dHard \u00e4r inte bara en partyl\u00e5t som f\u00e5r dig att dansa galet utan ocks\u00e5 en otrolig confidence-boost! Det \u00e4r dags att dansa in nya \u00e5ret med denna l\u00e5t och att vara huvudpersonen i ditt liv. Hard \u00e4r din boost, din girlbosslady aura, din p\u00e5minnelse om vem fan du \u00e4r. En fantastisk dansade crazy prinsessa!\u201d<\/p>\n<\/blockquote>\n<p>L\u00e5ten \u00e4r skriven av <strong>Audun Agnar<\/strong>, <strong>Theresa Rex<\/strong> och <strong>Eline Noelia<\/strong>.<\/p>\n","protected":false},"excerpt":{"rendered":"Det drar ihop sig. Snart ska FELICIA st\u00e4lla sig i Scandinavium h\u00e4r i G\u00f6teborg f\u00f6r att framf\u00f6ra t\u00e4vlingsbidraget&hellip;\n","protected":false},"author":2,"featured_media":135960,"comment_status":"","ping_status":"","sticky":false,"template":"","format":"standard","meta":{"footnotes":""},"categories":[67],"tags":[104,34,31,33,32,30,105],"class_list":{"0":"post-135959","1":"post","2":"type-post","3":"status-publish","4":"format-standard","5":"has-post-thumbnail","7":"category-underhallning","8":"tag-entertainment","9":"tag-se","10":"tag-svenska","11":"tag-sverige","12":"tag-sweden","13":"tag-swedish","14":"tag-underhallning"},"share_on_mastodon":{"url":"https:\/\/pubeurope.com\/@se\/115894525824166730","error":""},"_links":{"self":[{"href":"https:\/\/www.europesays.com\/se\/wp-json\/wp\/v2\/posts\/135959","targetHints":{"allow":["GET"]}}],"collection":[{"href":"https:\/\/www.europesays.com\/se\/wp-json\/wp\/v2\/posts"}],"about":[{"href":"https:\/\/www.europesays.com\/se\/wp-json\/wp\/v2\/types\/post"}],"author":[{"embeddable":true,"href":"https:\/\/www.europesays.com\/se\/wp-json\/wp\/v2\/users\/2"}],"replies":[{"embeddable":true,"href":"https:\/\/www.europesays.com\/se\/wp-json\/wp\/v2\/comments?post=135959"}],"version-history":[{"count":0,"href":"https:\/\/www.europesays.com\/se\/wp-json\/wp\/v2\/posts\/135959\/revisions"}],"wp:featuredmedia":[{"embeddable":true,"href":"https:\/\/www.europesays.com\/se\/wp-json\/wp\/v2\/media\/135960"}],"wp:attachment":[{"href":"https:\/\/www.europesays.com\/se\/wp-json\/wp\/v2\/media?parent=135959"}],"wp:term":[{"taxonomy":"category","embeddable":true,"href":"https:\/\/www.europesays.com\/se\/wp-json\/wp\/v2\/categories?post=135959"},{"taxonomy":"post_tag","embeddable":true,"href":"https:\/\/www.europesays.com\/se\/wp-json\/wp\/v2\/tags?post=135959"}],"curies":[{"name":"wp","href":"https:\/\/api.w.org\/{rel}","templated":true}]}}