{"id":135961,"date":"2026-01-14T17:02:12","date_gmt":"2026-01-14T17:02:12","guid":{"rendered":"https:\/\/www.europesays.com\/se\/135961\/"},"modified":"2026-01-14T17:02:12","modified_gmt":"2026-01-14T17:02:12","slug":"lyten-chef-northvolt-affaren-slutfors-inom-kort","status":"publish","type":"post","link":"https:\/\/www.europesays.com\/se\/135961\/","title":{"rendered":"Lyten-chef: Northvolt-aff\u00e4ren slutf\u00f6rs inom kort"},"content":{"rendered":"<p>Efter tidigare uppgifter om att amerikanska Lytens planerade f\u00f6rv\u00e4rv av Northvolt kan spricka, s\u00e5 rapporterar TT nu att aff\u00e4ren slutf\u00f6rs inom kort. Lytens marknadschef Keith Norman skriver i ett mejl till TT att parterna \u201d\u00e4r i slutskedet\u201d.<\/p>\n<p>\u201dDetta \u00e4r en komplex transaktion i flera avseenden och vi \u00e4r noggranna med att s\u00e4kerst\u00e4lla att vi har r\u00e4tt finansieringspartner p\u00e5 plats s\u00e5 att vi snabbt kan \u00e5terstarta verksamheten\u201d, skriver Norman.<\/p>\n<p>I g\u00e5r rapporterade SvD med h\u00e4nvisning till flera k\u00e4llor att Lyten inte lyckats s\u00e4kra finansieringen. <\/p>\n<p>Omni \u00e4r politiskt obundna och oberoende. Vi str\u00e4var efter att ge fler perspektiv p\u00e5 nyheterna. Har du fr\u00e5gor eller synpunkter kring v\u00e5r rapportering? <a href=\"https:\/\/omni.se\/lyten-chef-northvolt-affaren-slutfors-inom-kort\/a\/mailto:redaktion@omni.se\" class=\"ArticleActions_contactLink__W2F1M\" rel=\"nofollow noopener\" target=\"_blank\">Kontakta redaktionen<\/a><\/p>\n","protected":false},"excerpt":{"rendered":"Efter tidigare uppgifter om att amerikanska Lytens planerade f\u00f6rv\u00e4rv av Northvolt kan spricka, s\u00e5 rapporterar TT nu att&hellip;\n","protected":false},"author":2,"featured_media":135962,"comment_status":"","ping_status":"","sticky":false,"template":"","format":"standard","meta":{"footnotes":""},"categories":[65],"tags":[4416,72,70,71,293,294,34,31,33,32,30],"class_list":{"0":"post-135961","1":"post","2":"type-post","3":"status-publish","4":"format-standard","5":"has-post-thumbnail","7":"category-ekonomi","8":"tag-batterier","9":"tag-business","10":"tag-economy","11":"tag-ekonomi","12":"tag-lyten","13":"tag-northvolt","14":"tag-se","15":"tag-svenska","16":"tag-sverige","17":"tag-sweden","18":"tag-swedish"},"share_on_mastodon":{"url":"https:\/\/pubeurope.com\/@se\/115894533723312851","error":""},"_links":{"self":[{"href":"https:\/\/www.europesays.com\/se\/wp-json\/wp\/v2\/posts\/135961","targetHints":{"allow":["GET"]}}],"collection":[{"href":"https:\/\/www.europesays.com\/se\/wp-json\/wp\/v2\/posts"}],"about":[{"href":"https:\/\/www.europesays.com\/se\/wp-json\/wp\/v2\/types\/post"}],"author":[{"embeddable":true,"href":"https:\/\/www.europesays.com\/se\/wp-json\/wp\/v2\/users\/2"}],"replies":[{"embeddable":true,"href":"https:\/\/www.europesays.com\/se\/wp-json\/wp\/v2\/comments?post=135961"}],"version-history":[{"count":0,"href":"https:\/\/www.europesays.com\/se\/wp-json\/wp\/v2\/posts\/135961\/revisions"}],"wp:featuredmedia":[{"embeddable":true,"href":"https:\/\/www.europesays.com\/se\/wp-json\/wp\/v2\/media\/135962"}],"wp:attachment":[{"href":"https:\/\/www.europesays.com\/se\/wp-json\/wp\/v2\/media?parent=135961"}],"wp:term":[{"taxonomy":"category","embeddable":true,"href":"https:\/\/www.europesays.com\/se\/wp-json\/wp\/v2\/categories?post=135961"},{"taxonomy":"post_tag","embeddable":true,"href":"https:\/\/www.europesays.com\/se\/wp-json\/wp\/v2\/tags?post=135961"}],"curies":[{"name":"wp","href":"https:\/\/api.w.org\/{rel}","templated":true}]}}