{"id":135963,"date":"2026-01-14T17:03:25","date_gmt":"2026-01-14T17:03:25","guid":{"rendered":"https:\/\/www.europesays.com\/se\/135963\/"},"modified":"2026-01-14T17:03:25","modified_gmt":"2026-01-14T17:03:25","slug":"trump-ska-traffa-machado-pa-torsdag","status":"publish","type":"post","link":"https:\/\/www.europesays.com\/se\/135963\/","title":{"rendered":"Trump ska tr\u00e4ffa Machado p\u00e5 torsdag"},"content":{"rendered":"<p>USA:s president Donald Trump planerar att tr\u00e4ffa venezuelanska oppositionsledaren Mar\u00eda Corina Machado p\u00e5 torsdag. Det uppger en Vita huset-anst\u00e4lld f\u00f6r Reuters. <\/p>\n<p>Machado tilldelades Nobels fredspris f\u00f6rra \u00e5ret f\u00f6r sin kamp mot diktatorn Nicol\u00e1s Maduros styre. I samband med att USA f\u00f6rde bort Maduro tidigare den h\u00e4r m\u00e5naden sa Trump att Machado inte har nog med \u201drespekt\u201d f\u00f6r att styra landet. Detta trots att kandidaten som representerade henne vann valet 2024, ett val d\u00e4r Maduro \u00e4nd\u00e5 klamrade sig kvar vid makten.<\/p>\n<p>Enligt Wall Street Journals uppgifter har Machado arbetat h\u00e5rt f\u00f6r att f\u00e5 till ett m\u00f6te med den amerikanske presidenten. \u00c4ven interimledaren Delcy Rodr\u00edguez s\u00e4gs arbeta h\u00e5rt f\u00f6r att f\u00e5 till ett m\u00f6te.<\/p>\n<p>Omni \u00e4r politiskt obundna och oberoende. Vi str\u00e4var efter att ge fler perspektiv p\u00e5 nyheterna. Har du fr\u00e5gor eller synpunkter kring v\u00e5r rapportering? <a href=\"https:\/\/omni.se\/trump-ska-traffa-machado-i-morgon\/a\/mailto:redaktion@omni.se\" class=\"ArticleActions_contactLink__W2F1M\" rel=\"nofollow noopener\" target=\"_blank\">Kontakta redaktionen<\/a><\/p>\n","protected":false},"excerpt":{"rendered":"USA:s president Donald Trump planerar att tr\u00e4ffa venezuelanska oppositionsledaren Mar\u00eda Corina Machado p\u00e5 torsdag. Det uppger en Vita&hellip;\n","protected":false},"author":2,"featured_media":135964,"comment_status":"","ping_status":"","sticky":false,"template":"","format":"standard","meta":{"footnotes":""},"categories":[14],"tags":[387,22,23,13730,385,26,27,17,21,24,25,708,28,29,15,2546,268,16,18,34,31,33,32,30,19,20,74,13061,51,2545,52,53,54],"class_list":{"0":"post-135963","1":"post","2":"type-post","3":"status-publish","4":"format-standard","5":"has-post-thumbnail","7":"category-varlden","8":"tag-amerikansk-politik","9":"tag-breaking-news","10":"tag-breakingnews","11":"tag-delcy-rodriguez","12":"tag-donald-trump","13":"tag-featured-news","14":"tag-featurednews","15":"tag-headlines","16":"tag-huvudnyheter","17":"tag-latest-news","18":"tag-latestnews","19":"tag-latinamerika","20":"tag-main-news","21":"tag-mainnews","22":"tag-news","23":"tag-nicolas-maduro","24":"tag-nordamerika","25":"tag-nyheter","26":"tag-rubriker","27":"tag-se","28":"tag-svenska","29":"tag-sverige","30":"tag-sweden","31":"tag-swedish","32":"tag-top-stories","33":"tag-topstories","34":"tag-usa","35":"tag-usa-vs-venezuela","36":"tag-varlden","37":"tag-venezuela","38":"tag-world","39":"tag-world-news","40":"tag-worldnews"},"share_on_mastodon":{"url":"https:\/\/pubeurope.com\/@se\/115894537697376062","error":""},"_links":{"self":[{"href":"https:\/\/www.europesays.com\/se\/wp-json\/wp\/v2\/posts\/135963","targetHints":{"allow":["GET"]}}],"collection":[{"href":"https:\/\/www.europesays.com\/se\/wp-json\/wp\/v2\/posts"}],"about":[{"href":"https:\/\/www.europesays.com\/se\/wp-json\/wp\/v2\/types\/post"}],"author":[{"embeddable":true,"href":"https:\/\/www.europesays.com\/se\/wp-json\/wp\/v2\/users\/2"}],"replies":[{"embeddable":true,"href":"https:\/\/www.europesays.com\/se\/wp-json\/wp\/v2\/comments?post=135963"}],"version-history":[{"count":0,"href":"https:\/\/www.europesays.com\/se\/wp-json\/wp\/v2\/posts\/135963\/revisions"}],"wp:featuredmedia":[{"embeddable":true,"href":"https:\/\/www.europesays.com\/se\/wp-json\/wp\/v2\/media\/135964"}],"wp:attachment":[{"href":"https:\/\/www.europesays.com\/se\/wp-json\/wp\/v2\/media?parent=135963"}],"wp:term":[{"taxonomy":"category","embeddable":true,"href":"https:\/\/www.europesays.com\/se\/wp-json\/wp\/v2\/categories?post=135963"},{"taxonomy":"post_tag","embeddable":true,"href":"https:\/\/www.europesays.com\/se\/wp-json\/wp\/v2\/tags?post=135963"}],"curies":[{"name":"wp","href":"https:\/\/api.w.org\/{rel}","templated":true}]}}