{"id":135965,"date":"2026-01-14T17:04:11","date_gmt":"2026-01-14T17:04:11","guid":{"rendered":"https:\/\/www.europesays.com\/se\/135965\/"},"modified":"2026-01-14T17:04:11","modified_gmt":"2026-01-14T17:04:11","slug":"sl-bussen-halsar-glad-sommar-mitt-i-vintern","status":"publish","type":"post","link":"https:\/\/www.europesays.com\/se\/135965\/","title":{"rendered":"SL-bussen h\u00e4lsar \u201dGlad sommar\u201d \u2013 mitt i vintern"},"content":{"rendered":"<p>Publicerad 14 jan 2026 kl 16.37<\/p>\n<p>Sn\u00f6stormar och januari-m\u00f6rker har drabbat Sverige.<\/p>\n<p>D\u00e5 f\u00f6rs\u00f6kte en ensam busschauff\u00f6r sprida lite gl\u00e4dje.<\/p>\n<p>\u2013 Vilken rolig buss, s\u00e4ger vittnet Hjalmar Olsson.<\/p>\n<p>Se de senaste viralerna fr\u00e5n runt om i v\u00e4rlden.<img   alt=\"\"\/><\/p>\n<p>Hjalmar Olsson, 58, tog bilden den 7 januari n\u00e4r han var p\u00e5 v\u00e4g hem fr\u00e5n jobbet.<\/p>\n<p>Foto: Hjalmar Olsson<\/p>\n<p>\u00d6ppna bild i helsk\u00e4rm<\/p>\n<p>Hjalmar Olsson, 58, plogade sig hem genom sn\u00f6drivorna p\u00e5 v\u00e4g hem fr\u00e5n jobbet. I kylan fick han syn p\u00e5 en v\u00e4rmande h\u00e4lsning. \u201dGlad sommar!\u201d stod det p\u00e5 bussen fr\u00e5n Stockholms lokaltratik, som stod parkerad vid Kraus torg i Bergshamra. N\u00e5got <a href=\"https:\/\/www.mitti.se\/nyheter\/bussbuset-halsade-glad-sommar--mitt-i-snokaoset-6.3.339373.ede1b418d4\" rel=\"nofollow noopener\" target=\"_blank\">Mitt i<\/a> var f\u00f6rst att rapportera om.<\/p>\n<p>\u2013 Jag k\u00e4nde att: \u201dVilken rolig buss som f\u00f6rs\u00f6ker sprida sommarst\u00e4mning mitt i januari\u201d, s\u00e4ger Hjalmar.<\/p>\n<p>\u2013 Den stod d\u00e4r i sin ensamhet och spred lite gl\u00e4dje mitt i det vita sn\u00f6kaoset.<\/p>\n<p>F\u00f6r att l\u00e5ta fler ta del av den glada h\u00e4lsningen publicerade Hjalmar en bild p\u00e5 bussen i den lokala Facebook-gruppen. Reaktionerna var n\u00e5got ut\u00f6ver det vanliga.<\/p>\n<p>\u2013 Det var en orkan av tillrop och gl\u00e4dje, som jag aldrig ser i v\u00e5ran lokala grupp i Solna.<\/p>\n<p><img loading=\"lazy\"   alt=\"\"\/><\/p>\n<p>En SL-buss i Bergshamra spred ett somrigt budskap \u2013 mitt bland sn\u00f6 och v\u00e4dervarningar.<\/p>\n<p>Foto: Hjalmar Olsson<\/p>\n<p>\u00d6ppna bild i helsk\u00e4rmBussf\u00f6raren f\u00e5r konsekvenser<\/p>\n<p>SL \u00e4r \u00e5 sin sida inte lika glada \u00f6ver det somriga meddelandet \u2013 som gjordes p\u00e5 f\u00f6rarens eget initiativ. De menar att skyltarna endast \u00e4r menade f\u00f6r trafikinformation, \u00e4ven om tanken var god.<\/p>\n<p>\u201dTrafikut\u00f6varen har haft en dialog med f\u00f6raren f\u00f6r att tydligg\u00f6ra vad som g\u00e4ller\u201d, skriver Cajsa Sj\u00f6beck, presskommunikat\u00f6r p\u00e5 Trafikf\u00f6rvaltningen i region <a href=\"https:\/\/www.expressen.se\/tagg\/location\/stockholm\/\" class=\"\" rel=\"nofollow noopener\" target=\"_blank\">Stockholm<\/a>.<\/p>\n<p>SL vill inte g\u00e5 in p\u00e5 exakta konsekvenser, men f\u00f6raren kommer inte bli avst\u00e4ngd.<\/p>\n<p>Hjalmar tycker det \u00e4r tr\u00e5kigt att den glada h\u00e4lsningen fick negativa f\u00f6ljder.<\/p>\n<p>\u2013 Jag hoppas inte f\u00f6raren r\u00e5kar illa ut f\u00f6r att jag tyckte det var ganska oskyldigt och lite kul faktiskt, s\u00e4ger han.<\/p>\n","protected":false},"excerpt":{"rendered":"Publicerad 14 jan 2026 kl 16.37 Sn\u00f6stormar och januari-m\u00f6rker har drabbat Sverige. D\u00e5 f\u00f6rs\u00f6kte en ensam busschauff\u00f6r sprida&hellip;\n","protected":false},"author":2,"featured_media":135966,"comment_status":"","ping_status":"","sticky":false,"template":"","format":"standard","meta":{"footnotes":""},"categories":[12],"tags":[22,23,26,27,17,21,24,25,135,28,29,15,16,782,18,34,154,31,33,32,30,19,437,9026,20],"class_list":{"0":"post-135965","1":"post","2":"type-post","3":"status-publish","4":"format-standard","5":"has-post-thumbnail","7":"category-sverige","8":"tag-breaking-news","9":"tag-breakingnews","10":"tag-featured-news","11":"tag-featurednews","12":"tag-headlines","13":"tag-huvudnyheter","14":"tag-latest-news","15":"tag-latestnews","16":"tag-location-stockholm","17":"tag-main-news","18":"tag-mainnews","19":"tag-news","20":"tag-nyheter","21":"tag-organization-sl","22":"tag-rubriker","23":"tag-se","24":"tag-sections-sverige","25":"tag-svenska","26":"tag-sverige","27":"tag-sweden","28":"tag-swedish","29":"tag-top-stories","30":"tag-topic-kollektivtrafik","31":"tag-topic-snoovader","32":"tag-topstories"},"share_on_mastodon":{"url":"https:\/\/pubeurope.com\/@se\/115894541581101034","error":""},"_links":{"self":[{"href":"https:\/\/www.europesays.com\/se\/wp-json\/wp\/v2\/posts\/135965","targetHints":{"allow":["GET"]}}],"collection":[{"href":"https:\/\/www.europesays.com\/se\/wp-json\/wp\/v2\/posts"}],"about":[{"href":"https:\/\/www.europesays.com\/se\/wp-json\/wp\/v2\/types\/post"}],"author":[{"embeddable":true,"href":"https:\/\/www.europesays.com\/se\/wp-json\/wp\/v2\/users\/2"}],"replies":[{"embeddable":true,"href":"https:\/\/www.europesays.com\/se\/wp-json\/wp\/v2\/comments?post=135965"}],"version-history":[{"count":0,"href":"https:\/\/www.europesays.com\/se\/wp-json\/wp\/v2\/posts\/135965\/revisions"}],"wp:featuredmedia":[{"embeddable":true,"href":"https:\/\/www.europesays.com\/se\/wp-json\/wp\/v2\/media\/135966"}],"wp:attachment":[{"href":"https:\/\/www.europesays.com\/se\/wp-json\/wp\/v2\/media?parent=135965"}],"wp:term":[{"taxonomy":"category","embeddable":true,"href":"https:\/\/www.europesays.com\/se\/wp-json\/wp\/v2\/categories?post=135965"},{"taxonomy":"post_tag","embeddable":true,"href":"https:\/\/www.europesays.com\/se\/wp-json\/wp\/v2\/tags?post=135965"}],"curies":[{"name":"wp","href":"https:\/\/api.w.org\/{rel}","templated":true}]}}