{"id":135974,"date":"2026-01-14T17:12:12","date_gmt":"2026-01-14T17:12:12","guid":{"rendered":"https:\/\/www.europesays.com\/se\/135974\/"},"modified":"2026-01-14T17:12:12","modified_gmt":"2026-01-14T17:12:12","slug":"putin-kan-dra-nytta-av-gronlandsbraket","status":"publish","type":"post","link":"https:\/\/www.europesays.com\/se\/135974\/","title":{"rendered":"Putin kan dra nytta av Gr\u00f6nlandsbr\u00e5ket"},"content":{"rendered":"<p><a data-test-tag=\"internal-link\" href=\"https:\/\/www.aftonbladet.se\/av\/niclas-vent\" class=\"hyperion-css-13ns1rr\" rel=\"nofollow noopener\" target=\"\" aria-label=\"Se alla artiklar av Niclas Vent\"><img decoding=\"async\" class=\"image-asset hyperion-css-n6kkq1\" data-test-tag=\"image-asset\" src=\"https:\/\/www.europesays.com\/se\/wp-content\/uploads\/2026\/01\/1768410730_54_19280f63-8ec5-49a6-9628-edfef534cfd3.png\"  alt=\"\"  loading=\"lazy\" fetchpriority=\"auto\" style=\"aspect-ratio:1900 \/ 1900\"\/><\/a>share-arrowDela<\/p>\n<p>unsaveSpara<\/p>\n<p>expand-left<\/p>\n<p>helsk\u00e4rm<img decoding=\"async\" class=\"image-asset hyperion-css-u06ts1\" data-test-tag=\"image-asset\" src=\"https:\/\/www.europesays.com\/se\/wp-content\/uploads\/2026\/01\/89f583d4-370b-4024-af4f-3cd25635b522.jpeg\"  alt=\"Aftonbladet tr\u00e4ffade Sveriges \u00f6verbef\u00e4lhavare Michael Claesson p\u00e5 Folk och f\u00f6rsvars rikskonferens i S\u00e4len.\"  loading=\"eager\" fetchpriority=\"high\" style=\"aspect-ratio:1900 \/ 1267\"\/>Aftonbladet tr\u00e4ffade Sveriges \u00f6verbef\u00e4lhavare Michael Claesson p\u00e5 Folk och f\u00f6rsvars rikskonferens i S\u00e4len. Foto: Henrik Montgomery\/TT<\/p>\n<p class=\"hyperion-css-1shl3oz\" data-test-tag=\"lead-text\">S\u00c4LEN. Vid r\u00e4tt tillf\u00e4lle \u00e4r Ryssland redo att pr\u00f6va Nato med en milit\u00e4r attack, enligt \u00f6verbef\u00e4lhavaren Michael Claesson.<\/p>\n<p class=\"hyperion-css-1shl3oz\" data-test-tag=\"lead-text\">K\u00e4bblet om Gr\u00f6nland \u00e4r just en s\u00e5dan typ av svaghet som man letar efter.<\/p>\n<p class=\"hyperion-css-1shl3oz\" data-test-tag=\"lead-text\">\u2013 Spinnet som blir n\u00e4r en s\u00e5n h\u00e4r fr\u00e5ga kommer ig\u00e5ng \u00e4r definitivt en s\u00e5rbarhet som en potentiell motst\u00e5ndare utnyttjar, s\u00e4ger \u00d6B.<\/p>\n<p class=\"hyperion-css-1v9qo5x\">Ryssland vill inte starta krig med hela Nato, bed\u00f6mer \u00d6B.<\/p>\n<p class=\"hyperion-css-1v9qo5x\">\u2013 Fr\u00e5n rysk sida vet man att man kommer att f\u00f6rlora. I st\u00e4llet handlar det om att bryta s\u00f6nder Nato, s\u00e4ger han.<\/p>\n<p class=\"hyperion-css-1v9qo5x\">\u2013 Jag tror inte att man drar sig f\u00f6r att f\u00f6rs\u00f6ka testa artikel 5, och det genom att g\u00e5 \u00f6ver gr\u00e4nsen, b\u00e5de bokstavligt och bildligt, f\u00f6r att se vad som provocerar fram och eller inte provocerar fram en artikel 5-situation.<\/p>\n<p>expand-left<\/p>\n<p>helsk\u00e4rm<img decoding=\"async\" class=\"image-asset hyperion-css-u06ts1\" data-test-tag=\"image-asset\" src=\"https:\/\/www.europesays.com\/se\/wp-content\/uploads\/2026\/01\/1fa84605-7944-4ac2-8f7f-35f76ead6fe2.jpeg\"  alt=\"Putin letar efter milit\u00e4r svaghet \u2013 och politisk oenighet.\"  loading=\"eager\" fetchpriority=\"high\" style=\"aspect-ratio:1900 \/ 1267\"\/>Putin letar efter milit\u00e4r svaghet \u2013 och politisk oenighet. Foto: Mikhail Metzel\/APTittar efter milit\u00e4r svaghet<\/p>\n<p class=\"hyperion-css-1v9qo5x\"><strong>Vad tittar Ryssland efter n\u00e4r man bed\u00f6mer om f\u00f6ruts\u00e4ttningarna \u00e4r gynnsamma att lyckas?<\/strong><\/p>\n<p class=\"hyperion-css-1v9qo5x\">\u2013 Jag tror att man tittar efter alltifr\u00e5n politisk oenighet till milit\u00e4r svaghet, och naturligtvis ocks\u00e5 en slags geografiskt gynnsam f\u00f6ruts\u00e4ttning. Dom tre ihop.<\/p>\n<p class=\"hyperion-css-1v9qo5x\"><strong>Det \u00e4r ju ur det perspektivet man fr\u00e5n min horisont kan betrakta det h\u00e4r interna k\u00e4bblet i Nato om <\/strong><a data-test-tag=\"internal-link\" href=\"https:\/\/www.aftonbladet.se\/tagg\/gronland\" class=\"hyperion-css-15jkft9\" rel=\"nofollow noopener\" target=\"\"><strong>Gr\u00f6nland<\/strong><\/a><strong> som en ganska stor s\u00e4kerhetsrisk.<\/strong><\/p>\n<p class=\"hyperion-css-1v9qo5x\">\u2013 Ja, s\u00e5 \u00e4r det onekligen. Jag h\u00e4vdar att den som tj\u00e4nar p\u00e5 det h\u00e4r, det \u00e4r han som sitter i Kreml.<\/p>\n<p>\u201dEn s\u00e5rbarhet\u201d<\/p>\n<p class=\"hyperion-css-1v9qo5x\">\u00d6B betonar att Nato genomg\u00e5tt m\u00e5nga kriser i sin historia och han utg\u00e5r ifr\u00e5n att alliansen klarar \u00e4ven Gr\u00f6nlandskrisen.<\/p>\n<p class=\"hyperion-css-1v9qo5x\">Samtidigt \u00e4r uppst\u00e5ndelsen begriplig n\u00e4r det som nu handlar om att den m\u00e4ktigaste medlemsstaten \u201danv\u00e4nder en retorik som skakar om\u201d.<\/p>\n<p class=\"hyperion-css-1v9qo5x\">\u2013 Det \u00e4r inget unikt f\u00f6r en internationell organisation med s\u00e5 m\u00e5nga medlemsl\u00e4nder att det uppst\u00e5r politiska kriser, s\u00e4ger <a data-test-tag=\"internal-link\" href=\"https:\/\/www.aftonbladet.se\/tagg\/michael-claesson\" class=\"hyperion-css-15jkft9\" rel=\"nofollow noopener\" target=\"\" aria-label=\"Michael Claesson\">Michael Claesson<\/a>.<\/p>\n<p class=\"hyperion-css-1v9qo5x\">\u2013 Men bortsett fr\u00e5n det s\u00e5 \u00e4r det fullst\u00e4ndigt klart att spinnet som blir n\u00e4r en s\u00e5n h\u00e4r fr\u00e5ga kommer ig\u00e5ng definitivt \u00e4r en s\u00e5rbarhet som en potentiell motst\u00e5ndare utnyttjar. F\u00f6r att just visa p\u00e5 och peka p\u00e5 svagheten i den politiska sammanh\u00e5llningen i alliansen, och implicit i beslutsfattningsf\u00f6rm\u00e5gan.<\/p>\n<p><img decoding=\"async\" src=\"https:\/\/www.europesays.com\/se\/wp-content\/uploads\/2025\/09\/1758090760_215_7adef35543ee0b64cf5d9d8c7ab8ee19.jpg\" class=\"thumbnail-image_fbfd\" alt=\"Natos d\u00f6d, Putins br\u00f6d\"\/><\/p>\n<p>Natos d\u00f6d, Putins br\u00f6d<\/p>\n<p>16:18<\/p>\n","protected":false},"excerpt":{"rendered":"share-arrowDela unsaveSpara expand-left helsk\u00e4rmAftonbladet tr\u00e4ffade Sveriges \u00f6verbef\u00e4lhavare Michael Claesson p\u00e5 Folk och f\u00f6rsvars rikskonferens i S\u00e4len. Foto: Henrik&hellip;\n","protected":false},"author":2,"featured_media":135975,"comment_status":"","ping_status":"","sticky":false,"template":"","format":"standard","meta":{"footnotes":""},"categories":[14],"tags":[22,23,26,27,17,21,24,25,28,29,15,16,18,34,31,33,32,30,19,20,51,52,53,54],"class_list":{"0":"post-135974","1":"post","2":"type-post","3":"status-publish","4":"format-standard","5":"has-post-thumbnail","7":"category-varlden","8":"tag-breaking-news","9":"tag-breakingnews","10":"tag-featured-news","11":"tag-featurednews","12":"tag-headlines","13":"tag-huvudnyheter","14":"tag-latest-news","15":"tag-latestnews","16":"tag-main-news","17":"tag-mainnews","18":"tag-news","19":"tag-nyheter","20":"tag-rubriker","21":"tag-se","22":"tag-svenska","23":"tag-sverige","24":"tag-sweden","25":"tag-swedish","26":"tag-top-stories","27":"tag-topstories","28":"tag-varlden","29":"tag-world","30":"tag-world-news","31":"tag-worldnews"},"share_on_mastodon":{"url":"https:\/\/pubeurope.com\/@se\/115894573103685968","error":""},"_links":{"self":[{"href":"https:\/\/www.europesays.com\/se\/wp-json\/wp\/v2\/posts\/135974","targetHints":{"allow":["GET"]}}],"collection":[{"href":"https:\/\/www.europesays.com\/se\/wp-json\/wp\/v2\/posts"}],"about":[{"href":"https:\/\/www.europesays.com\/se\/wp-json\/wp\/v2\/types\/post"}],"author":[{"embeddable":true,"href":"https:\/\/www.europesays.com\/se\/wp-json\/wp\/v2\/users\/2"}],"replies":[{"embeddable":true,"href":"https:\/\/www.europesays.com\/se\/wp-json\/wp\/v2\/comments?post=135974"}],"version-history":[{"count":0,"href":"https:\/\/www.europesays.com\/se\/wp-json\/wp\/v2\/posts\/135974\/revisions"}],"wp:featuredmedia":[{"embeddable":true,"href":"https:\/\/www.europesays.com\/se\/wp-json\/wp\/v2\/media\/135975"}],"wp:attachment":[{"href":"https:\/\/www.europesays.com\/se\/wp-json\/wp\/v2\/media?parent=135974"}],"wp:term":[{"taxonomy":"category","embeddable":true,"href":"https:\/\/www.europesays.com\/se\/wp-json\/wp\/v2\/categories?post=135974"},{"taxonomy":"post_tag","embeddable":true,"href":"https:\/\/www.europesays.com\/se\/wp-json\/wp\/v2\/tags?post=135974"}],"curies":[{"name":"wp","href":"https:\/\/api.w.org\/{rel}","templated":true}]}}