{"id":135979,"date":"2026-01-14T17:17:08","date_gmt":"2026-01-14T17:17:08","guid":{"rendered":"https:\/\/www.europesays.com\/se\/135979\/"},"modified":"2026-01-14T17:17:08","modified_gmt":"2026-01-14T17:17:08","slug":"sven-harry-karlsson-ar-dod-blev-94-ar","status":"publish","type":"post","link":"https:\/\/www.europesays.com\/se\/135979\/","title":{"rendered":"Sven-Harry Karlsson \u00e4r d\u00f6d \u2013\u00a0blev 94 \u00e5r."},"content":{"rendered":"<p>Sven-Harry Karlsson f\u00f6ddes i Lund 1931 som ett av sju barn och arbetade l\u00e4nge i faderns byggf\u00f6retag.\u00a0<\/p>\n<p><strong>S\u00e5 sm\u00e5ningom grundade<\/strong> han sin egen byggfirma, Byggnads AB Folkhem, som i dag heter Arvet Tr\u00e4 AB. Parallellt med aff\u00e4rerna samlade f\u00f6retagaren p\u00e5 konst.\u00a0<\/p>\n<p>\u201dJag samlar p\u00e5 konst som talar till mig. Det handlar om konstn\u00e4rer som gjort dramatiska m\u00e5lningar. De passar in i min v\u00e4rld\u201d, sa Sven-Harry Karlsson till Di Weekend i mars 2011.\u00a0<\/p>\n<p>Det var ocks\u00e5 d\u00e5 som Sven-Harry Karlsson blev ett k\u00e4nt namn i Konstsverige. I mars 2011 slog han upp d\u00f6rrarna till sin konsthall, Sven-Harrys Konstmuseum, i Vasaparken i Stockholm.\u00a0<\/p>\n<p>\u201dDet finns inte bara ett motiv. Sett ur politisk synvinkel \u00e4r det en tyst protest mot den girighet som vi ser i samh\u00e4llet i dag. Det kan jag gott s\u00e4ga, f\u00f6r jag ger bort alltihop. Jag f\u00f6rs\u00f6ker inte anstr\u00e4nga mig f\u00f6r att bli rikast p\u00e5 kyrkog\u00e5rden. Sedan tycker jag inte att barn ska \u00e4rva en konstsamling. D\u00e5 f\u00f6rsvinner den gl\u00e4dje och utbildning som eget samlande inneb\u00e4r\u201d, sa Sven-Harry Karlsson till Di Weekend.\u00a0<\/p>\n<p><strong>Hans samling, som<\/strong> rymmer verk av m\u00e5lare som August Strindberg (1849-1912), Carl Fredrik Hill (1849-1911), Ernst Josephson (1851- 1906), Edvard Munch (1863-1944), G\u00f6sta Adrian-Nilsson (1884-1965) och Helene Schjerfbeck (1862-1946), finns nu d\u00e4r f\u00f6r allm\u00e4n besk\u00e5dan. Han \u00e4gde \u00e4ven tavlor signerade Dan Wolgers (f\u00f6dd 1955) och Lena Cronqvist (1938-2025). \u00d6verv\u00e5ningen av konstmuseet \u00e4r som en replika av hans gamla hem Ekholmsn\u00e4s g\u00e5rd, med inredning, konst och kakelugnar fr\u00e5n 1700-talet.<\/p>\n<p>\u201dSven-Harry har alltid varit st\u00f6ttande och vision\u00e4r. Det h\u00e4r \u00e4r en j\u00e4ttestor f\u00f6rlust. Jag har aldrig st\u00f6tt p\u00e5 en s\u00e5dan filantrop ut i fingerspetsarna och en m\u00e4nniska med ett s\u00e5 stort hj\u00e4rta. Han hade s\u00e5dan humor. Han levde ett rikt liv\u201d, s\u00e4ger Dragana Kusoffsky Maksimovic, museichef och vd f\u00f6r Byggm\u00e4stare Sven-Harrys Konst- och Bostadsstiftelse.<\/p>\n<p><img loading=\"lazy\" decoding=\"async\" class=\"image__el\" src=\"https:\/\/www.europesays.com\/se\/wp-content\/uploads\/2026\/01\/3c91435c-af72-4b1d-ab21-462b4d8ac33a.jpeg\"   height=\"1200\" width=\"800\" alt=\"Sven-Harry Karlsson p\u00e5 museet som b\u00e4r hans namn i Vasaparken i Stockholm.\" onerror=\"this.style.visibility='hidden'; this.classList.add('load-error')\"\/>Sven-Harry Karlsson p\u00e5 museet som b\u00e4r hans namn i Vasaparken i Stockholm.Foto: Pressbild \/ Per Myrehed<\/p>\n<p><strong>Sven-Harry Karlsson donerade<\/strong> hela sin konstsamling och delar av sin f\u00f6rm\u00f6genhet till en frist\u00e5ende stiftelse vars uppdrag \u00e4r att bedriva museiverksamhet och g\u00f6ra konsten tillg\u00e4nglig f\u00f6r allm\u00e4nheten. Stiftelsen \u00e4r inte knuten till familjen. Ordf\u00f6rande f\u00f6r stiftelsen \u00e4r Yvonne S\u00f6rensen Bj\u00f6rud, tidigare vd f\u00f6r Berns.<\/p>\n<p>\u201d\u00c4ven nu efter Sven-Harrys bortg\u00e5ng kommer vi forts\u00e4tta att arbeta med Sven-Harrys vision, att skapa en dynamisk m\u00f6tesplats\u201d, s\u00e4ger Dragana Kusoffsky Maksimovic.<\/p>\n<p>Sven-Harry Karlsson var halvbror till f\u00f6rfattaren Anna Wahlgren och morbror till litteraturvetaren Sara Danius, som var st\u00e4ndig sekreterare i Svenska Akademien. Han somnade in m\u00e5ndagen den 12 januari 2026.<\/p>\n","protected":false},"excerpt":{"rendered":"Sven-Harry Karlsson f\u00f6ddes i Lund 1931 som ett av sju barn och arbetade l\u00e4nge i faderns byggf\u00f6retag.\u00a0 S\u00e5&hellip;\n","protected":false},"author":2,"featured_media":135980,"comment_status":"","ping_status":"","sticky":false,"template":"","format":"standard","meta":{"footnotes":""},"categories":[67],"tags":[104,34,31,33,32,30,105],"class_list":{"0":"post-135979","1":"post","2":"type-post","3":"status-publish","4":"format-standard","5":"has-post-thumbnail","7":"category-underhallning","8":"tag-entertainment","9":"tag-se","10":"tag-svenska","11":"tag-sverige","12":"tag-sweden","13":"tag-swedish","14":"tag-underhallning"},"share_on_mastodon":{"url":"https:\/\/pubeurope.com\/@se\/115894592647040300","error":""},"_links":{"self":[{"href":"https:\/\/www.europesays.com\/se\/wp-json\/wp\/v2\/posts\/135979","targetHints":{"allow":["GET"]}}],"collection":[{"href":"https:\/\/www.europesays.com\/se\/wp-json\/wp\/v2\/posts"}],"about":[{"href":"https:\/\/www.europesays.com\/se\/wp-json\/wp\/v2\/types\/post"}],"author":[{"embeddable":true,"href":"https:\/\/www.europesays.com\/se\/wp-json\/wp\/v2\/users\/2"}],"replies":[{"embeddable":true,"href":"https:\/\/www.europesays.com\/se\/wp-json\/wp\/v2\/comments?post=135979"}],"version-history":[{"count":0,"href":"https:\/\/www.europesays.com\/se\/wp-json\/wp\/v2\/posts\/135979\/revisions"}],"wp:featuredmedia":[{"embeddable":true,"href":"https:\/\/www.europesays.com\/se\/wp-json\/wp\/v2\/media\/135980"}],"wp:attachment":[{"href":"https:\/\/www.europesays.com\/se\/wp-json\/wp\/v2\/media?parent=135979"}],"wp:term":[{"taxonomy":"category","embeddable":true,"href":"https:\/\/www.europesays.com\/se\/wp-json\/wp\/v2\/categories?post=135979"},{"taxonomy":"post_tag","embeddable":true,"href":"https:\/\/www.europesays.com\/se\/wp-json\/wp\/v2\/tags?post=135979"}],"curies":[{"name":"wp","href":"https:\/\/api.w.org\/{rel}","templated":true}]}}