{"id":135983,"date":"2026-01-14T17:20:11","date_gmt":"2026-01-14T17:20:11","guid":{"rendered":"https:\/\/www.europesays.com\/se\/135983\/"},"modified":"2026-01-14T17:20:11","modified_gmt":"2026-01-14T17:20:11","slug":"byggkran-foll-pa-tag-minst-30-doda","status":"publish","type":"post","link":"https:\/\/www.europesays.com\/se\/135983\/","title":{"rendered":"Byggkran f\u00f6ll p\u00e5 t\u00e5g: Minst 30 d\u00f6da"},"content":{"rendered":"<p>Olyckan intr\u00e4ffade i Thailand\u00a0\u2013 p\u00e5 en del av den planerade h\u00f6ghastighetsf\u00f6rbindelsen mellan Kina och Sydostasien<\/p>\n<p>            den 14 januari 2026 14:00<\/p>\n<p>Under onsdagsmorgonen lokal tid f\u00f6ll en byggkran ner p\u00e5 ett passagerart\u00e5g i nordv\u00e4stra Thailand. Minst 30 personer har bekr\u00e4ftats d\u00f6da.<\/p>\n<p>Totalt 171 personer uppges ha befunnit sig p\u00e5 t\u00e5get och m\u00e5nga av dem \u00e4r skadade, <a href=\"https:\/\/apnews.com\/article\/thailand-train-construction-crane-accident-deaths-4103e4d6806fe007d4e35f5eb9133a97\" rel=\"nofollow noopener\" target=\"_blank\">rapporterar nyhetsbyr\u00e5n AP.<\/a><\/p>\n<p>Olyckan intr\u00e4ffade i provinsen Nakhon Ratchasima, p\u00e5 en delstr\u00e4cka av den planerade h\u00f6ghastighetsf\u00f6rbindelsen mellan Kina och stora delar av Sydostasien.\u00a0<\/p>\n<p>\n                        Ja, tack! Jag vill prenumerera p\u00e5 Leveranstidningen Entreprenad under 1 m\u00e5nad. Ingen bindningstid Du f\u00e5r ocks\u00e5 tillg\u00e5ng till e-tidning, nyhetsbrev och plusartiklar p\u00e5 hemsidan\n                    <\/p>\n<p>\n                    F\u00e5 tillg\u00e5ng till allt inneh\u00e5ll p\u00e5 Entreprenad\n                <\/p>\n<p>\n                    Ingen bindningstid eller kortinformation kr\u00e4vs\n                <\/p>\n<p>\n                        G\u00e4ller endast personlig prenumeration.\n                    <\/p>\n<p>                                            <a v-for=\"(project, index) in projects\" v-show=\"index &lt; max || showAll\" v-bind:href=\"'https:\/\/www.projektagenten.se\/project\/' + project.id\" target=\"_blank\" class=\"article-project\"><\/p>\n<p>                                                {{ project.name }}<br \/>\n                                                L\u00e4s om projektet<br \/>\n                                            <\/a><\/p>\n<p>                                                Alla relaterade projekt<\/p>\n","protected":false},"excerpt":{"rendered":"Olyckan intr\u00e4ffade i Thailand\u00a0\u2013 p\u00e5 en del av den planerade h\u00f6ghastighetsf\u00f6rbindelsen mellan Kina och Sydostasien den 14 januari&hellip;\n","protected":false},"author":2,"featured_media":135984,"comment_status":"","ping_status":"","sticky":false,"template":"","format":"standard","meta":{"footnotes":""},"categories":[14],"tags":[22,23,26,27,17,21,24,25,28,29,15,16,18,34,31,33,32,30,19,20,51,52,53,54],"class_list":{"0":"post-135983","1":"post","2":"type-post","3":"status-publish","4":"format-standard","5":"has-post-thumbnail","7":"category-varlden","8":"tag-breaking-news","9":"tag-breakingnews","10":"tag-featured-news","11":"tag-featurednews","12":"tag-headlines","13":"tag-huvudnyheter","14":"tag-latest-news","15":"tag-latestnews","16":"tag-main-news","17":"tag-mainnews","18":"tag-news","19":"tag-nyheter","20":"tag-rubriker","21":"tag-se","22":"tag-svenska","23":"tag-sverige","24":"tag-sweden","25":"tag-swedish","26":"tag-top-stories","27":"tag-topstories","28":"tag-varlden","29":"tag-world","30":"tag-world-news","31":"tag-worldnews"},"share_on_mastodon":{"url":"https:\/\/pubeurope.com\/@se\/115894604490539924","error":""},"_links":{"self":[{"href":"https:\/\/www.europesays.com\/se\/wp-json\/wp\/v2\/posts\/135983","targetHints":{"allow":["GET"]}}],"collection":[{"href":"https:\/\/www.europesays.com\/se\/wp-json\/wp\/v2\/posts"}],"about":[{"href":"https:\/\/www.europesays.com\/se\/wp-json\/wp\/v2\/types\/post"}],"author":[{"embeddable":true,"href":"https:\/\/www.europesays.com\/se\/wp-json\/wp\/v2\/users\/2"}],"replies":[{"embeddable":true,"href":"https:\/\/www.europesays.com\/se\/wp-json\/wp\/v2\/comments?post=135983"}],"version-history":[{"count":0,"href":"https:\/\/www.europesays.com\/se\/wp-json\/wp\/v2\/posts\/135983\/revisions"}],"wp:featuredmedia":[{"embeddable":true,"href":"https:\/\/www.europesays.com\/se\/wp-json\/wp\/v2\/media\/135984"}],"wp:attachment":[{"href":"https:\/\/www.europesays.com\/se\/wp-json\/wp\/v2\/media?parent=135983"}],"wp:term":[{"taxonomy":"category","embeddable":true,"href":"https:\/\/www.europesays.com\/se\/wp-json\/wp\/v2\/categories?post=135983"},{"taxonomy":"post_tag","embeddable":true,"href":"https:\/\/www.europesays.com\/se\/wp-json\/wp\/v2\/tags?post=135983"}],"curies":[{"name":"wp","href":"https:\/\/api.w.org\/{rel}","templated":true}]}}