{"id":135985,"date":"2026-01-14T17:21:13","date_gmt":"2026-01-14T17:21:13","guid":{"rendered":"https:\/\/www.europesays.com\/se\/135985\/"},"modified":"2026-01-14T17:21:13","modified_gmt":"2026-01-14T17:21:13","slug":"ett-stort-jobb-framfor-oss","status":"publish","type":"post","link":"https:\/\/www.europesays.com\/se\/135985\/","title":{"rendered":"Ett stort jobb framf\u00f6r oss"},"content":{"rendered":"<p class=\"boxtextgrotesk-root_baa6 hyperion-css-7pajle\">Uppdaterad 17.22 | Publicerad 07.33<\/p>\n<p>share-arrowDela<\/p>\n<p>unsaveSpara<\/p>\n<p>expand-left<\/p>\n<p>helsk\u00e4rm<img decoding=\"async\" class=\"image-asset hyperion-css-u06ts1\" data-test-tag=\"image-asset\" src=\"https:\/\/www.europesays.com\/se\/wp-content\/uploads\/2026\/01\/e067e5ad-8aa7-4a00-9d7e-892bba63af61.jpeg\"  alt=\"Liberalernas partiledare Simona Mohamsson.\"  loading=\"eager\" fetchpriority=\"high\" style=\"aspect-ratio:1900 \/ 1267\"\/>Liberalernas partiledare Simona Mohamsson. Foto: Lars Schr\u00f6der\/TT<\/p>\n<p class=\"hyperion-css-1shl3oz\" data-test-tag=\"lead-text\">Liberalerna \u00e4r klart under riksdagssp\u00e4rren och f\u00e5r bara 1,8 procent av v\u00e4ljarst\u00f6det, enligt SVT\/Verians senaste m\u00e4tning.<\/p>\n<p class=\"hyperion-css-1shl3oz\" data-test-tag=\"lead-text\">\u2013 Vi har ett stort jobb framf\u00f6r oss, s\u00e4ger partiledaren Simona Mohamsson.<\/p>\n<p class=\"hyperion-css-1v9qo5x\">\u2013 Det h\u00e4r \u00e4r inte en kris som uppstod i dag utan en kris som partiet har dragits med under l\u00e5ng tid, s\u00e4ger hon vid en presstr\u00e4ff p\u00e5 onsdagen.<\/p>\n<p class=\"hyperion-css-1v9qo5x\">Simona Mohamsson s\u00e4ger att partiet m\u00e5ste bli mindre \u00e4ngsligt och tydligare med vad det vill f\u00f6r Sverige.<\/p>\n<p class=\"hyperion-css-1v9qo5x\">\u2013 Jag hoppas att det h\u00e4r \u00e4r en v\u00e4ckarklocka f\u00f6r m\u00e5nga i partiet att vi beh\u00f6ver forts\u00e4tta den inslagna v\u00e4gen med att visa f\u00f6rtroende f\u00f6r svenska befolkningen och visa vad vi vill g\u00f6ra.<\/p>\n<p class=\"hyperion-css-1v9qo5x\">Enligt opinionsm\u00e4tningen har <a data-test-tag=\"internal-link\" href=\"https:\/\/www.aftonbladet.se\/tagg\/liberalerna\" class=\"hyperion-css-15jkft9\" rel=\"nofollow noopener\" target=\"\" aria-label=\"Liberalernas\">Liberalernas<\/a> v\u00e4ljarst\u00f6d varit under riksdagssp\u00e4rren sedan november 2022.<\/p>\n<p class=\"hyperion-css-1v9qo5x\">Enligt senaste m\u00e4tningen f\u00e5r Tid\u00f6partierna 44,8 procent av v\u00e4ljarnas st\u00f6d och den r\u00f6dgr\u00f6na oppositionen 53,1 procent. Ingen av f\u00f6r\u00e4ndringarna \u00e4r statistiskt s\u00e4kerst\u00e4lld.<\/p>\n","protected":false},"excerpt":{"rendered":"Uppdaterad 17.22 | Publicerad 07.33 share-arrowDela unsaveSpara expand-left helsk\u00e4rmLiberalernas partiledare Simona Mohamsson. Foto: Lars Schr\u00f6der\/TT Liberalerna \u00e4r klart&hellip;\n","protected":false},"author":2,"featured_media":135986,"comment_status":"","ping_status":"","sticky":false,"template":"","format":"standard","meta":{"footnotes":""},"categories":[12],"tags":[22,23,26,27,17,21,24,25,28,29,15,16,18,34,31,33,32,30,19,20],"class_list":{"0":"post-135985","1":"post","2":"type-post","3":"status-publish","4":"format-standard","5":"has-post-thumbnail","7":"category-sverige","8":"tag-breaking-news","9":"tag-breakingnews","10":"tag-featured-news","11":"tag-featurednews","12":"tag-headlines","13":"tag-huvudnyheter","14":"tag-latest-news","15":"tag-latestnews","16":"tag-main-news","17":"tag-mainnews","18":"tag-news","19":"tag-nyheter","20":"tag-rubriker","21":"tag-se","22":"tag-svenska","23":"tag-sverige","24":"tag-sweden","25":"tag-swedish","26":"tag-top-stories","27":"tag-topstories"},"share_on_mastodon":{"url":"https:\/\/pubeurope.com\/@se\/115894608383851599","error":""},"_links":{"self":[{"href":"https:\/\/www.europesays.com\/se\/wp-json\/wp\/v2\/posts\/135985","targetHints":{"allow":["GET"]}}],"collection":[{"href":"https:\/\/www.europesays.com\/se\/wp-json\/wp\/v2\/posts"}],"about":[{"href":"https:\/\/www.europesays.com\/se\/wp-json\/wp\/v2\/types\/post"}],"author":[{"embeddable":true,"href":"https:\/\/www.europesays.com\/se\/wp-json\/wp\/v2\/users\/2"}],"replies":[{"embeddable":true,"href":"https:\/\/www.europesays.com\/se\/wp-json\/wp\/v2\/comments?post=135985"}],"version-history":[{"count":0,"href":"https:\/\/www.europesays.com\/se\/wp-json\/wp\/v2\/posts\/135985\/revisions"}],"wp:featuredmedia":[{"embeddable":true,"href":"https:\/\/www.europesays.com\/se\/wp-json\/wp\/v2\/media\/135986"}],"wp:attachment":[{"href":"https:\/\/www.europesays.com\/se\/wp-json\/wp\/v2\/media?parent=135985"}],"wp:term":[{"taxonomy":"category","embeddable":true,"href":"https:\/\/www.europesays.com\/se\/wp-json\/wp\/v2\/categories?post=135985"},{"taxonomy":"post_tag","embeddable":true,"href":"https:\/\/www.europesays.com\/se\/wp-json\/wp\/v2\/tags?post=135985"}],"curies":[{"name":"wp","href":"https:\/\/api.w.org\/{rel}","templated":true}]}}