{"id":135989,"date":"2026-01-14T17:25:15","date_gmt":"2026-01-14T17:25:15","guid":{"rendered":"https:\/\/www.europesays.com\/se\/135989\/"},"modified":"2026-01-14T17:25:15","modified_gmt":"2026-01-14T17:25:15","slug":"tv4-bonden-avslojar-kyssarna-nar-ingen-ser","status":"publish","type":"post","link":"https:\/\/www.europesays.com\/se\/135989\/","title":{"rendered":"TV4-bonden avsl\u00f6jar kyssarna n\u00e4r ingen ser"},"content":{"rendered":"<p>Publicerad 14 jan 2026 kl 18.00Uppdaterad kl 18.11<\/p>\n<p>Tittarfavoriten Anders Mood f\u00e5r en ny chans att hitta k\u00e4rleken i \u201dBonde s\u00f6ker fru \u2013 andra sommaren\u201d.\u00a0<\/p>\n<p>Nu ber\u00e4ttar han om inspelningen och om kyssarna bakom kulisserna.\u00a0<\/p>\n<p>\u2013 Det \u00e4r klart att det \u00e4r s\u00e5.<\/p>\n<p>Senaste klippen fr\u00e5n Expressen inom n\u00f6je.<img   alt=\"\"\/><\/p>\n<p>Anders Mood satsar p\u00e5 att hitta k\u00e4rleken i \u201dBonde s\u00f6ker fru \u2013 andra sommaren\u201d.<\/p>\n<p>Foto: Karin T\u00f6rnblom\/TT \/ TT NYHETSBYR\u00c5N<\/p>\n<p>\u00d6ppna bild i helsk\u00e4rm<img loading=\"lazy\"   alt=\"\"\/><\/p>\n<p>Mj\u00f6lkbonden Anders satsar p\u00e5 musik och charm f\u00f6r att hitta k\u00e4rleken.<\/p>\n<p>Foto: Karin T\u00f6rnblom\/TT \/ TT NYHETSBYR\u00c5N<\/p>\n<p>\u00d6ppna bild i helsk\u00e4rm<img loading=\"lazy\"   alt=\"\"\/><\/p>\n<p>Mj\u00f6lkbonden Anders Mood tillsammans med programledaren Linda Lindorff.<\/p>\n<p>Foto: Karin T\u00f6rnblom\/TT \/ TT NYHETSBYR\u00c5N<\/p>\n<p>\u00d6ppna bild i helsk\u00e4rm<img loading=\"lazy\"   alt=\"\"\/><\/p>\n<p>Mj\u00f6lkbonden Anders Mood i \u201dBonde s\u00f6ker fru\u201d 2024.<\/p>\n<p>Foto: TV4<\/p>\n<p>\u00d6ppna bild i helsk\u00e4rm<img loading=\"lazy\"   alt=\"\"\/><\/p>\n<p>Anders Mood i programmet.<\/p>\n<p>Foto: TV4<\/p>\n<p>\u00d6ppna bild i helsk\u00e4rm<img loading=\"lazy\"   alt=\"\"\/><\/p>\n<p>Anders Mood kramar om en av brevskrivarna.<\/p>\n<p>Foto: TV4<\/p>\n<p>\u00d6ppna bild i helsk\u00e4rm<\/p>\n<p>N\u00e4r Expressen tr\u00e4ffar mj\u00f6lkbonden Anders Mood, 36, fr\u00e5n N\u00e4sviken utanf\u00f6r Hudiksvall i samband med inspelningen av \u201d<a href=\"https:\/\/www.expressen.se\/tagg\/organization\/tv4\/\" class=\"\" rel=\"nofollow noopener\" target=\"_blank\">TV4<\/a>:s Ny\u00e5rskarameller\u201d ber\u00e4ttar han att allt fl\u00f6t p\u00e5 riktigt bra denna g\u00e5ng.\u00a0<\/p>\n<p>\u2013 Man \u00e4r lite varmare i kl\u00e4derna s\u00e5 klart n\u00e4r man st\u00e5tt framf\u00f6r en kamera tidigare. Men n\u00e4r det kommer till k\u00e4nslor s\u00e5 \u00e4r det ju \u201df\u00f6rsta g\u00e5ngen\u201d j\u00e4mt. K\u00e4nsligt blir det vilket som s\u00e5 fort det kommer k\u00e4nslor.\u00a0<\/p>\n<p>Anders Mood ber\u00e4ttar vidare om sommarens \u00e4ventyr.\u00a0<\/p>\n<p>\u2013 Inspelningen som helhet var helt fantastisk. Fr\u00e5n b\u00f6rjan till slut. Tjejerna var fantastiska och h\u00e4rliga personligheter, s\u00e5 jag kunde aldrig i f\u00f6rv\u00e4g lista ut vad som skulle komma.\u00a0<\/p>\n<p><strong>Var det n\u00e5got som inte gick som du hade \u00f6nskat eller trott?\u00a0<\/strong><\/p>\n<p>\u2013 Det var n\u00e5gra incidenter p\u00e5 g\u00e5rden men det var mest genom arbetet, s\u00e4ger han och ler lite hemlighetsfullt innan han forts\u00e4tter:\u00a0<\/p>\n<p>\u2013 Jag d\u00f6mer dom inte men jag tycker det ser lite roligt ut n\u00e4r de ska g\u00e5 ut till ladug\u00e5rden och kommer i vita tygskor. Och jag sa inget innan f\u00f6r jag tycker det \u00e4r s\u00e5 roligt att se n\u00e4r de trampar i koskit och ropar \u201dVad fan!\u201d, s\u00e4ger han och skrattar.\u00a0<\/p>\n<p>\u201dD\u00e4r och d\u00e5 s\u00e5 blir allting \u00e4kta\u201d<\/p>\n<p>I programmet uppst\u00e5r ett visst t\u00e4vlingsmoment d\u00e4r de de brevskrivande tjejerna t\u00e4vlar om bondens uppm\u00e4rksamhet och k\u00e4rlek.\u00a0<\/p>\n<p><strong>Slogs damerna om dig?\u00a0<\/strong><\/p>\n<p>\u2013 Jo, det \u00e4r v\u00e4l det som blir lite nackdel. Hur det \u00e4n \u00e4r s\u00e5 k\u00e4nns det lite konstgjort. Samtidigt s\u00e5 handlar det om \u00e4kta k\u00e4nslor.\u00a0<\/p>\n<p>\u2013 D\u00e4r och d\u00e5 s\u00e5 blir allting \u00e4kta. M\u00e5nga tycker att programmet \u00e4r ett dravel, det tyckte jag ocks\u00e5 innan. Men n\u00e4r man v\u00e4l sitter d\u00e4r, d\u00e5 blir det faktiskt \u00e4kta.\u00a0<\/p>\n<p><strong>Det gamla tales\u00e4ttet \u201dMan m\u00e5ste kyssa m\u00e5nga grodor innan man hittar sin prins&#8230;\u201d, \u00e4r det s\u00e5 det funkar n\u00e4r kamerorna inte rullar?\u00a0<\/strong><\/p>\n<p>\u2013 Det \u00e4r klart att det \u00e4r s\u00e5. Men mer s\u00e4ger jag inte.\u00a0<\/p>\n<p><strong>S\u00e5 det h\u00e4nder allts\u00e5 en massa annat p\u00e5 dejterna som vi aldrig f\u00e5r se i tv?\u00a0<\/strong><\/p>\n<p>\u2013 Ja, det kan h\u00e4nda andra saker ocks\u00e5, s\u00e4ger Anders och ler lite hemlighetsfullt.\u00a0<\/p>\n","protected":false},"excerpt":{"rendered":"Publicerad 14 jan 2026 kl 18.00Uppdaterad kl 18.11 Tittarfavoriten Anders Mood f\u00e5r en ny chans att hitta k\u00e4rleken&hellip;\n","protected":false},"author":2,"featured_media":135990,"comment_status":"","ping_status":"","sticky":false,"template":"","format":"standard","meta":{"footnotes":""},"categories":[67],"tags":[104,3979,384,34,31,33,32,30,646,105],"class_list":{"0":"post-135989","1":"post","2":"type-post","3":"status-publish","4":"format-standard","5":"has-post-thumbnail","7":"category-underhallning","8":"tag-entertainment","9":"tag-organization-bonde-soker-fru","10":"tag-organization-tv4","11":"tag-se","12":"tag-svenska","13":"tag-sverige","14":"tag-sweden","15":"tag-swedish","16":"tag-topic-tv-serier","17":"tag-underhallning"},"share_on_mastodon":{"url":"https:\/\/pubeurope.com\/@se\/115894624081336674","error":""},"_links":{"self":[{"href":"https:\/\/www.europesays.com\/se\/wp-json\/wp\/v2\/posts\/135989","targetHints":{"allow":["GET"]}}],"collection":[{"href":"https:\/\/www.europesays.com\/se\/wp-json\/wp\/v2\/posts"}],"about":[{"href":"https:\/\/www.europesays.com\/se\/wp-json\/wp\/v2\/types\/post"}],"author":[{"embeddable":true,"href":"https:\/\/www.europesays.com\/se\/wp-json\/wp\/v2\/users\/2"}],"replies":[{"embeddable":true,"href":"https:\/\/www.europesays.com\/se\/wp-json\/wp\/v2\/comments?post=135989"}],"version-history":[{"count":0,"href":"https:\/\/www.europesays.com\/se\/wp-json\/wp\/v2\/posts\/135989\/revisions"}],"wp:featuredmedia":[{"embeddable":true,"href":"https:\/\/www.europesays.com\/se\/wp-json\/wp\/v2\/media\/135990"}],"wp:attachment":[{"href":"https:\/\/www.europesays.com\/se\/wp-json\/wp\/v2\/media?parent=135989"}],"wp:term":[{"taxonomy":"category","embeddable":true,"href":"https:\/\/www.europesays.com\/se\/wp-json\/wp\/v2\/categories?post=135989"},{"taxonomy":"post_tag","embeddable":true,"href":"https:\/\/www.europesays.com\/se\/wp-json\/wp\/v2\/tags?post=135989"}],"curies":[{"name":"wp","href":"https:\/\/api.w.org\/{rel}","templated":true}]}}