{"id":135994,"date":"2026-01-14T17:29:39","date_gmt":"2026-01-14T17:29:39","guid":{"rendered":"https:\/\/www.europesays.com\/se\/135994\/"},"modified":"2026-01-14T17:29:39","modified_gmt":"2026-01-14T17:29:39","slug":"lakarstudent-stoppas-fran-fortsatta-studier-efter-hot-lakartidningen","status":"publish","type":"post","link":"https:\/\/www.europesays.com\/se\/135994\/","title":{"rendered":"L\u00e4karstudent stoppas fr\u00e5n fortsatta studier efter hot \u2013 L\u00e4kartidningen"},"content":{"rendered":"<p>\t\t\t\t<img alt=\"\" class=\"MediaWrapper-content BodyImage-imageObject\" src=\"https:\/\/www.europesays.com\/se\/wp-content\/uploads\/2026\/01\/1768411779_423_mp22761637-stethoscope-and-book-on-desk.jpeg\" data-lazy-load-target=\"content\" width=\"1060\" height=\"706\" loading=\"eager\" decoding=\"async\" fetchpriority=\"high\"\/><\/p>\n<p>\n\t\t\t\t\tFoto: Mostphotos<br \/>\n\t\t\t\t\t\t\tFoto: Mostphotos\n\t\t\t\t\t\t\t\t\t<\/p>\n<p>Under en l\u00e5ng period har en l\u00e4karstudent skickat ett stort antal mejl och p\u00e5 andra s\u00e4tt kontaktat personal vid ett universitet med anklagelser och hot. Enligt universitetets egen utredning ska studenten n\u00e4rmast systematiskt ha framf\u00f6rt anklagelser om brott och gjort anm\u00e4lningar om s\u00e5v\u00e4l j\u00e4v som diskriminering och trakasserier. Hen ska ocks\u00e5 ha kontaktat personal p\u00e5 deras privata nummer och skickat sms till en anst\u00e4llds anh\u00f6rig med hot om polisanm\u00e4lan. Studentens beteende ska ha p\u00e5verkat personalens arbetsmilj\u00f6 starkt negativt. \u00bbL\u00e4rare har uttryckt r\u00e4dsla f\u00f6r att medverka med namn och personal har efterfr\u00e5gat extra l\u00e5s vid entr\u00e9n till tj\u00e4nsterummen\u00ab, enligt universitetet.<\/p>\n<p>Universitetet bed\u00f6mer att det finns anledning att anta att studenten lider av en psykisk st\u00f6rning och varnar i en anm\u00e4lan till H\u00f6gskolans avskiljanden\u00e4mnd att det finns en p\u00e5taglig risk f\u00f6r att hen kan komma att skada andra under utbildningen.<\/p>\n<p>\n\t\tAnnons\t\t\t<\/p>\n<p>\t\t<a href=\"https:\/\/www.agb-pharma.com\/pinealin?utm_source=lakartidningen&amp;utm_medium=banner&amp;utm_campaign=E-F\" data-ad-target=\"link\" class=\"Ad-content\" rel=\"sponsored nofollow noopener\" target=\"_blank\"><\/p>\n<p>\t\t\t\t<img alt=\"Annons\" class=\"MediaWrapper-content Ad-image\" src=\"https:\/\/www.europesays.com\/se\/wp-content\/uploads\/2026\/01\/1768411779_498_pinealin-1404x720-lt.gif\" data-lazy-load-target=\"content\" width=\"468\" height=\"240\" loading=\"lazy\" decoding=\"async\" fetchpriority=\"auto\"\/><\/p>\n<p>\t\t<\/a><\/p>\n<p>Studenten sj\u00e4lv h\u00e4vdar att hen inte lider av n\u00e5gon psykisk st\u00f6rning och anser sig ha blivit utsatt f\u00f6r trakasserier och falska beskyllningar.\u00a0<\/p>\n<p>Avskiljanden\u00e4mnden g\u00e5r dock p\u00e5 universitetets linje och stoppar nu studenten fr\u00e5n fortsatt utbildning. Tidigare har n\u00e4mnden ocks\u00e5 uppmanat studenten att genomg\u00e5 en l\u00e4karunders\u00f6kning, men studenten d\u00f6k aldrig upp n\u00e4r hen kallades.<\/p>\n<p>Ett beslut om avskiljande kan ompr\u00f6vas tidigast tv\u00e5 \u00e5r efter att beslutet meddelats. Beslutet g\u00e5r dock att \u00f6verklaga till domstol.<\/p>\n","protected":false},"excerpt":{"rendered":"Foto: Mostphotos Foto: Mostphotos Under en l\u00e5ng period har en l\u00e4karstudent skickat ett stort antal mejl och p\u00e5&hellip;\n","protected":false},"author":2,"featured_media":135995,"comment_status":"","ping_status":"","sticky":false,"template":"","format":"standard","meta":{"footnotes":""},"categories":[12],"tags":[22,23,26,27,17,21,24,25,28,29,15,16,18,34,31,33,32,30,19,20],"class_list":{"0":"post-135994","1":"post","2":"type-post","3":"status-publish","4":"format-standard","5":"has-post-thumbnail","7":"category-sverige","8":"tag-breaking-news","9":"tag-breakingnews","10":"tag-featured-news","11":"tag-featurednews","12":"tag-headlines","13":"tag-huvudnyheter","14":"tag-latest-news","15":"tag-latestnews","16":"tag-main-news","17":"tag-mainnews","18":"tag-news","19":"tag-nyheter","20":"tag-rubriker","21":"tag-se","22":"tag-svenska","23":"tag-sverige","24":"tag-sweden","25":"tag-swedish","26":"tag-top-stories","27":"tag-topstories"},"share_on_mastodon":{"url":"https:\/\/pubeurope.com\/@se\/115894639856339151","error":""},"_links":{"self":[{"href":"https:\/\/www.europesays.com\/se\/wp-json\/wp\/v2\/posts\/135994","targetHints":{"allow":["GET"]}}],"collection":[{"href":"https:\/\/www.europesays.com\/se\/wp-json\/wp\/v2\/posts"}],"about":[{"href":"https:\/\/www.europesays.com\/se\/wp-json\/wp\/v2\/types\/post"}],"author":[{"embeddable":true,"href":"https:\/\/www.europesays.com\/se\/wp-json\/wp\/v2\/users\/2"}],"replies":[{"embeddable":true,"href":"https:\/\/www.europesays.com\/se\/wp-json\/wp\/v2\/comments?post=135994"}],"version-history":[{"count":0,"href":"https:\/\/www.europesays.com\/se\/wp-json\/wp\/v2\/posts\/135994\/revisions"}],"wp:featuredmedia":[{"embeddable":true,"href":"https:\/\/www.europesays.com\/se\/wp-json\/wp\/v2\/media\/135995"}],"wp:attachment":[{"href":"https:\/\/www.europesays.com\/se\/wp-json\/wp\/v2\/media?parent=135994"}],"wp:term":[{"taxonomy":"category","embeddable":true,"href":"https:\/\/www.europesays.com\/se\/wp-json\/wp\/v2\/categories?post=135994"},{"taxonomy":"post_tag","embeddable":true,"href":"https:\/\/www.europesays.com\/se\/wp-json\/wp\/v2\/tags?post=135994"}],"curies":[{"name":"wp","href":"https:\/\/api.w.org\/{rel}","templated":true}]}}