{"id":135999,"date":"2026-01-14T17:33:19","date_gmt":"2026-01-14T17:33:19","guid":{"rendered":"https:\/\/www.europesays.com\/se\/135999\/"},"modified":"2026-01-14T17:33:19","modified_gmt":"2026-01-14T17:33:19","slug":"juryfinal-utser-rumaniens-representant-till-eurovision-2026","status":"publish","type":"post","link":"https:\/\/www.europesays.com\/se\/135999\/","title":{"rendered":"Juryfinal utser Rum\u00e4niens representant till Eurovision 2026"},"content":{"rendered":"<p style=\"text-align: center;\"><img fetchpriority=\"high\" decoding=\"async\" class=\"alignnone wp-image-156740\" src=\"https:\/\/www.europesays.com\/se\/wp-content\/uploads\/2026\/01\/header-nf2026-romania.jpg\" alt=\"\" width=\"720\" height=\"378\"  \/><\/p>\n<p style=\"text-align: left;\"><strong>NATIONELLA UTTAGNINGAR.\u00a0<\/strong>Som bekant g\u00f6r Rum\u00e4niens nationella TV-bolag TVR comeback i \u00e5rets Eurovision efter att inte ha t\u00e4vlat de tv\u00e5 senaste \u00e5ren. F\u00f6r att utse artist och t\u00e4vlingsbidrag kommer TVR att anordna en final som dock bara avg\u00f6rs av en jury.<\/p>\n<p>\u00a0<\/p>\n<p>Vad har h\u00e4nt?<\/p>\n<p>Precis som inf\u00f6r Eurovision 2023, d\u00e5 Rum\u00e4nien senast deltog i t\u00e4vlingen, kommer <strong>Selec\u021bia Na\u021bional\u0103\u00a0<\/strong>att anv\u00e4ndas som uttagning. En stor skillnad mot den upplagan d\u00e5 kontra \u00e5rets upplaga \u00e4r att d\u00e5 fick bara tittarna och onliner\u00f6stning best\u00e4mma vilken l\u00e5t som skulle vinna \u2013 <a href=\"https:\/\/eurovoix.com\/2026\/01\/14\/romania-selects-for-eurovision-2026-on-march-4\/\" target=\"_blank\" rel=\"noopener nofollow\">den h\u00e4r g\u00e5ngen kommer det att vara en tillsatt jury som f\u00e5r hela makten<\/a>. Finalen g\u00e5r av stapeln den 4:e mars men inf\u00f6r det ska en antagning samt ett f\u00f6rkval, den sistn\u00e4mnda under ledning av en jury, genomf\u00f6ras.<\/p>\n<p>\u00a0<\/p>\n<p>S\u00e5 blir t\u00e4vlingsuppl\u00e4ggetAntagning<\/p>\n<p>Inf\u00f6r uttagningen h\u00e5lls en kortare antagningsperiod f\u00f6r intresserade l\u00e5tskrivare och artister. Vem som helst f\u00e5r skicka in t\u00e4vlingsbidrag och de enda regler som finns \u00e4r de som EBU st\u00e4ller, bland annat att t\u00e4vlingsbidraget ska vara ett nyskrivet och aldrig tidigare offentliggjort originalverk (l\u00e5ten f\u00e5r inte ha sl\u00e4ppts f\u00f6re den 1:a september 2025) som p\u00e5 scen ska kunna framf\u00f6ras p\u00e5 maximalt tre minuter med som mest 6 personer i scenframtr\u00e4dandet som alla \u00e4r 16 \u00e5r fyllda eller \u00e4ldre. En artist kan bara t\u00e4vla med en l\u00e5t men \u00e4r man textf\u00f6rfattare och\/eller komposit\u00f6r kan man skicka in fler l\u00e5tar (och \u00e4ven ges m\u00f6jlighet att f\u00e5 med fler l\u00e5tar). Det finns \u00e4ven ett krav p\u00e5 att l\u00e5ttexten inte inneh\u00e5ller n\u00e5gra som helst politisk, religi\u00f6sa och kommersiella budskap och heller inget obscent spr\u00e5k (som svordomar). TVR godk\u00e4nner heller inte l\u00e5tar gjorda med hj\u00e4lp av AI.<\/p>\n<p>Antagningen p\u00e5g\u00e5r till och med den 2:a februari <a href=\"https:\/\/eurovisionromania.ro\/formular-de-inscriere\/\" target=\"_blank\" rel=\"noopener nofollow\"><strong>via den h\u00e4r l\u00e4nken<\/strong><\/a>. Om du vill l\u00e4sa hela regelverket finns det <a href=\"https:\/\/eurovisionromania.ro\/regulament\/\" target=\"_blank\" rel=\"noopener nofollow\"><strong>h\u00e4r<\/strong><\/a>.<\/p>\n<p><strong>Observera att TVR tar ut en avgift om 500 lei per inskickad l\u00e5t.<\/strong><\/p>\n<p>\u00a0<\/p>\n<p>F\u00f6rkval<\/p>\n<p>N\u00e4r antagningen avslutats kommer ett juryarbete att ta vid f\u00f6r att v\u00e4lja ut vilka artister och l\u00e5tar som ska t\u00e4vla. F\u00f6rkvalet kommer att best\u00e5 av tre faser d\u00e4r juryn f\u00f6rst g\u00f6r en f\u00f6rsta s\u00e5llning och utser ett antal bidrag de gillat b\u00e4st vilka f\u00e5r upptr\u00e4da vid en slags audition innan slutvalet om tio finalister g\u00f6rs. Ungef\u00e4r tio dagar efter antagningen har st\u00e4ngt ber\u00e4knas startf\u00e4ltet tillk\u00e4nnages.<\/p>\n<p>\u00a0<\/p>\n<p>Finalen<\/p>\n<p>Under finalkv\u00e4llen, som \u00e4ger rum den 4:e mars, kommer finalisterna att upptr\u00e4da p\u00e5 en scen, men innan dess startar en f\u00f6rproduktion. I den kommer finalisterna ges chansen att repetera och spela in olika saker innan det blir dags f\u00f6r ett avg\u00f6rande. Efter alla scenframtr\u00e4danden l\u00e4ggs som tidigare n\u00e4mnt hela avg\u00f6randet i en jurys h\u00e4nder som f\u00e5r best\u00e4mma vilken artist med tillh\u00f6rande t\u00e4vlingsbidrag som kommer att f\u00e5 representera Rum\u00e4nien vid \u00e5rets Eurovision. Detta kommer att ske med po\u00e4ngutdelning fr\u00e5n varje jurymedlem d\u00e4r den l\u00e5t som f\u00e5r den h\u00f6gsta totalsumman vinner. Skulle det bli en oavgjord vinst kommer man att r\u00e4kna vem som har flest av h\u00f6gst val\u00f6r med start fr\u00e5n 12 po\u00e4ng.<\/p>\n<p>\u00a0<\/p>\n","protected":false},"excerpt":{"rendered":"NATIONELLA UTTAGNINGAR.\u00a0Som bekant g\u00f6r Rum\u00e4niens nationella TV-bolag TVR comeback i \u00e5rets Eurovision efter att inte ha t\u00e4vlat de&hellip;\n","protected":false},"author":2,"featured_media":136000,"comment_status":"","ping_status":"","sticky":false,"template":"","format":"standard","meta":{"footnotes":""},"categories":[67],"tags":[104,34,31,33,32,30,105],"class_list":{"0":"post-135999","1":"post","2":"type-post","3":"status-publish","4":"format-standard","5":"has-post-thumbnail","7":"category-underhallning","8":"tag-entertainment","9":"tag-se","10":"tag-svenska","11":"tag-sverige","12":"tag-sweden","13":"tag-swedish","14":"tag-underhallning"},"share_on_mastodon":{"url":"https:\/\/pubeurope.com\/@se\/115894655534734875","error":""},"_links":{"self":[{"href":"https:\/\/www.europesays.com\/se\/wp-json\/wp\/v2\/posts\/135999","targetHints":{"allow":["GET"]}}],"collection":[{"href":"https:\/\/www.europesays.com\/se\/wp-json\/wp\/v2\/posts"}],"about":[{"href":"https:\/\/www.europesays.com\/se\/wp-json\/wp\/v2\/types\/post"}],"author":[{"embeddable":true,"href":"https:\/\/www.europesays.com\/se\/wp-json\/wp\/v2\/users\/2"}],"replies":[{"embeddable":true,"href":"https:\/\/www.europesays.com\/se\/wp-json\/wp\/v2\/comments?post=135999"}],"version-history":[{"count":0,"href":"https:\/\/www.europesays.com\/se\/wp-json\/wp\/v2\/posts\/135999\/revisions"}],"wp:featuredmedia":[{"embeddable":true,"href":"https:\/\/www.europesays.com\/se\/wp-json\/wp\/v2\/media\/136000"}],"wp:attachment":[{"href":"https:\/\/www.europesays.com\/se\/wp-json\/wp\/v2\/media?parent=135999"}],"wp:term":[{"taxonomy":"category","embeddable":true,"href":"https:\/\/www.europesays.com\/se\/wp-json\/wp\/v2\/categories?post=135999"},{"taxonomy":"post_tag","embeddable":true,"href":"https:\/\/www.europesays.com\/se\/wp-json\/wp\/v2\/tags?post=135999"}],"curies":[{"name":"wp","href":"https:\/\/api.w.org\/{rel}","templated":true}]}}