{"id":136003,"date":"2026-01-14T17:36:16","date_gmt":"2026-01-14T17:36:16","guid":{"rendered":"https:\/\/www.europesays.com\/se\/136003\/"},"modified":"2026-01-14T17:36:16","modified_gmt":"2026-01-14T17:36:16","slug":"forseningar-pa-grona-linjen-mitt-i","status":"publish","type":"post","link":"https:\/\/www.europesays.com\/se\/136003\/","title":{"rendered":"F\u00f6rseningar p\u00e5 gr\u00f6na linjen | Mitt i"},"content":{"rendered":"<p class=\"ort\">L\u00e4net<\/p>\n<p class=\"text\">Det var tidigare stopp mellan Blackeberg och R\u00e5cksta i b\u00e5da riktningarna f\u00f6r tunnelbanans gr\u00f6na linje 17, 18 och 19 p\u00e5 grund av v\u00e4xelfel.<\/p>\n<p class=\"text\">Vid 9-tiden var stoppet h\u00e4vt men inst\u00e4llda avg\u00e5ngar och oregelbunden forts\u00e4tter f\u00f6rekomma p\u00e5 hela gr\u00f6na linjen, skriver SL.<\/p>\n<p class=\"text\">T\u00e5g kan med kort varsel byta destination och SL uppmanar resen\u00e4rer att vara uppm\u00e4rksam p\u00e5 utrop fr\u00e5n f\u00f6rare och t\u00e5gens destinationsskyltar.<\/p>\n<p><img decoding=\"async\" class=\"Image Image_\" src=\"\" data-aghref=\"http:\/\/www.mitti.se\/image-3.354853.272281.20260114082400.378d62a094\" data-agimagetype=\"hardcrop\" alt=\"Bild av l\u00e5nga lemmelt\u00e5g av resen\u00e4rer som tvingades g\u00e5 mellan R\u00e5cksta och Blackebergs t-banestation p\u00e5 onsdagsmorgonen d\u00e5 bussar ersatte trafiken.\"\/><\/p>\n<p class=\"Caption\">Bild av l\u00e5nga lemmelt\u00e5g av resen\u00e4rer som tvingades g\u00e5 mellan R\u00e5cksta och Blackebergs t-banestation p\u00e5 onsdagsmorgonen d\u00e5 bussar ersatte trafiken.<\/p>\n<p class=\"Source\">Mikael Andersson<\/p>\n","protected":false},"excerpt":{"rendered":"L\u00e4net Det var tidigare stopp mellan Blackeberg och R\u00e5cksta i b\u00e5da riktningarna f\u00f6r tunnelbanans gr\u00f6na linje 17, 18&hellip;\n","protected":false},"author":2,"featured_media":136004,"comment_status":"","ping_status":"","sticky":false,"template":"","format":"standard","meta":{"footnotes":""},"categories":[14],"tags":[22,23,26,27,17,21,24,25,28,29,15,16,18,34,31,33,32,30,19,20,51,52,53,54],"class_list":{"0":"post-136003","1":"post","2":"type-post","3":"status-publish","4":"format-standard","5":"has-post-thumbnail","7":"category-varlden","8":"tag-breaking-news","9":"tag-breakingnews","10":"tag-featured-news","11":"tag-featurednews","12":"tag-headlines","13":"tag-huvudnyheter","14":"tag-latest-news","15":"tag-latestnews","16":"tag-main-news","17":"tag-mainnews","18":"tag-news","19":"tag-nyheter","20":"tag-rubriker","21":"tag-se","22":"tag-svenska","23":"tag-sverige","24":"tag-sweden","25":"tag-swedish","26":"tag-top-stories","27":"tag-topstories","28":"tag-varlden","29":"tag-world","30":"tag-world-news","31":"tag-worldnews"},"share_on_mastodon":{"url":"https:\/\/pubeurope.com\/@se\/115894667543628565","error":""},"_links":{"self":[{"href":"https:\/\/www.europesays.com\/se\/wp-json\/wp\/v2\/posts\/136003","targetHints":{"allow":["GET"]}}],"collection":[{"href":"https:\/\/www.europesays.com\/se\/wp-json\/wp\/v2\/posts"}],"about":[{"href":"https:\/\/www.europesays.com\/se\/wp-json\/wp\/v2\/types\/post"}],"author":[{"embeddable":true,"href":"https:\/\/www.europesays.com\/se\/wp-json\/wp\/v2\/users\/2"}],"replies":[{"embeddable":true,"href":"https:\/\/www.europesays.com\/se\/wp-json\/wp\/v2\/comments?post=136003"}],"version-history":[{"count":0,"href":"https:\/\/www.europesays.com\/se\/wp-json\/wp\/v2\/posts\/136003\/revisions"}],"wp:featuredmedia":[{"embeddable":true,"href":"https:\/\/www.europesays.com\/se\/wp-json\/wp\/v2\/media\/136004"}],"wp:attachment":[{"href":"https:\/\/www.europesays.com\/se\/wp-json\/wp\/v2\/media?parent=136003"}],"wp:term":[{"taxonomy":"category","embeddable":true,"href":"https:\/\/www.europesays.com\/se\/wp-json\/wp\/v2\/categories?post=136003"},{"taxonomy":"post_tag","embeddable":true,"href":"https:\/\/www.europesays.com\/se\/wp-json\/wp\/v2\/tags?post=136003"}],"curies":[{"name":"wp","href":"https:\/\/api.w.org\/{rel}","templated":true}]}}