{"id":136024,"date":"2026-01-14T17:52:44","date_gmt":"2026-01-14T17:52:44","guid":{"rendered":"https:\/\/www.europesays.com\/se\/136024\/"},"modified":"2026-01-14T17:52:44","modified_gmt":"2026-01-14T17:52:44","slug":"minnesota-stammer-trumpregeringen-goteborgs-posten","status":"publish","type":"post","link":"https:\/\/www.europesays.com\/se\/136024\/","title":{"rendered":"Minnesota st\u00e4mmer Trumpregeringen | G\u00f6teborgs-Posten"},"content":{"rendered":"<p>Migrationspolisen ICE:s omtvistade insatser i Minnesota bryter mot federal lag, eftersom de federala agenterna agerar godtyckligt och egenm\u00e4ktigt. Det p\u00e5st\u00e5r delstaten i sin och tvillingst\u00e4dernas st\u00e4mningsans\u00f6kan mot regeringen i Washington\u00a0DC. <\/p>\n<p>M\u00e5let med st\u00e4mningen \u00e4r att agenterna fr\u00e5n ICE ska f\u00f6rsvinna fr\u00e5n eller \u00e5tminstone kraftigt minska i delstaten.<\/p>\n<p>\u2013 Det h\u00e4r (ICE insats) \u00e4r i grund och botten en federal invasion och den m\u00e5ste f\u00e5 ett slut, s\u00e4ger delstatens justitieminister Keith Ellison.<\/p>\n<p>Beordrat 2 000 nya ICE-agenter<\/p>\n<p>Trumpregeringen och departementet f\u00f6r inrikes s\u00e4kerhet (DHS), som ICE lyder under, beordrade p\u00e5 s\u00f6ndagen ytterligare hundratals federala agenter till Minneapolis. Sammanlagt vill myndigheten f\u00e5 \u00f6ver 2\u00a0000 agenter till delstaten f\u00f6r att uppr\u00e4tth\u00e5lla migrationslagar och f\u00f6ra ut pappersl\u00f6sa migranter ur landet.<\/p>\n<p>Att ICE riktat in sig p\u00e5 Minnesota och andra demokratstyrda delstater \u00e4r enligt st\u00e4mningen ett brott mot konstitutionen och yttrandefriheten.<\/p>\n<p>Tusentals har demonstrerat mot ICE i Minnesota efter f\u00f6rra veckans h\u00e4ndelse, d\u00e5 en 37-\u00e5rig kvinna sk\u00f6ts till d\u00f6ds av en ICE-agent.<\/p>\n<p>Chicago st\u00e4mmer administrationen efter invandringsoffensiv<\/p>\n<p>Enligt nyhetsbyr\u00e5n <a href=\"https:\/\/apnews.com\/live\/donald-trump-news-updates-1-12-2026\" id=\"link-93c07e36b2ebcb6456afbc0d92226e05\" rel=\"nofollow noopener\" target=\"_blank\">AP<\/a> st\u00e4mmer Illinois och dess st\u00f6rsta stad Chicago administrationen efter en \u201dhotfull, v\u00e5ldsam och olaglig\u201d invandringsoffensiv. <\/p>\n<p>Under \u201dOperation Midway Blitz\u201d greps \u00f6ver 4 300 personer, rapporterar AP, n\u00e4r kringvandrande maskerade och bev\u00e4pnade agenter fyllde Chicagos stadsdelar och f\u00f6rorter.<\/p>\n<p>Enligt st\u00e4mningen gjorde nedslaget att inv\u00e5narna var r\u00e4dda f\u00f6r att ge sig ut eller anv\u00e4nda offentliga tj\u00e4nster.<\/p>\n<p>\u2013 Vi har med fasa sett hur okontrollerade federala agenter aggressivt har attackerat och terroriserat v\u00e5ra samh\u00e4llen och stadsdelar i Illinois, undergr\u00e4vt konstitutionella r\u00e4ttigheter och hotat allm\u00e4n s\u00e4kerhet, sa guvern\u00f6ren JB Pritzker i ett uttalande.<\/p>\n<p>En man d\u00f6dades under operationen.<\/p>\n<p>I st\u00e4mningsans\u00f6kan namnges USA:s departement f\u00f6r inrikes s\u00e4kerhet samt tv\u00e5 av dess immigrationsmyndigheter. Departementet har inte uttalat sig om st\u00e4mningen p\u00e5 m\u00e5ndagen, enligt AP.<\/p>\n<p><img alt=\"Hanna Karlsson\" loading=\"lazy\" width=\"1080\" height=\"1080\" decoding=\"async\" data-nimg=\"1\" style=\"color:transparent;max-width:100%;width:100%\"   src=\"https:\/\/www.europesays.com\/se\/wp-content\/uploads\/2026\/01\/1768413164_102_SQUARE.png\"\/><\/p>\n","protected":false},"excerpt":{"rendered":"Migrationspolisen ICE:s omtvistade insatser i Minnesota bryter mot federal lag, eftersom de federala agenterna agerar godtyckligt och egenm\u00e4ktigt.&hellip;\n","protected":false},"author":2,"featured_media":136025,"comment_status":"","ping_status":"","sticky":false,"template":"","format":"standard","meta":{"footnotes":""},"categories":[14],"tags":[22,23,26,27,17,21,24,25,28,29,15,16,18,34,31,33,32,30,19,20,51,52,53,54],"class_list":{"0":"post-136024","1":"post","2":"type-post","3":"status-publish","4":"format-standard","5":"has-post-thumbnail","7":"category-varlden","8":"tag-breaking-news","9":"tag-breakingnews","10":"tag-featured-news","11":"tag-featurednews","12":"tag-headlines","13":"tag-huvudnyheter","14":"tag-latest-news","15":"tag-latestnews","16":"tag-main-news","17":"tag-mainnews","18":"tag-news","19":"tag-nyheter","20":"tag-rubriker","21":"tag-se","22":"tag-svenska","23":"tag-sverige","24":"tag-sweden","25":"tag-swedish","26":"tag-top-stories","27":"tag-topstories","28":"tag-varlden","29":"tag-world","30":"tag-world-news","31":"tag-worldnews"},"share_on_mastodon":{"url":"https:\/\/pubeurope.com\/@se\/115894730415328238","error":""},"_links":{"self":[{"href":"https:\/\/www.europesays.com\/se\/wp-json\/wp\/v2\/posts\/136024","targetHints":{"allow":["GET"]}}],"collection":[{"href":"https:\/\/www.europesays.com\/se\/wp-json\/wp\/v2\/posts"}],"about":[{"href":"https:\/\/www.europesays.com\/se\/wp-json\/wp\/v2\/types\/post"}],"author":[{"embeddable":true,"href":"https:\/\/www.europesays.com\/se\/wp-json\/wp\/v2\/users\/2"}],"replies":[{"embeddable":true,"href":"https:\/\/www.europesays.com\/se\/wp-json\/wp\/v2\/comments?post=136024"}],"version-history":[{"count":0,"href":"https:\/\/www.europesays.com\/se\/wp-json\/wp\/v2\/posts\/136024\/revisions"}],"wp:featuredmedia":[{"embeddable":true,"href":"https:\/\/www.europesays.com\/se\/wp-json\/wp\/v2\/media\/136025"}],"wp:attachment":[{"href":"https:\/\/www.europesays.com\/se\/wp-json\/wp\/v2\/media?parent=136024"}],"wp:term":[{"taxonomy":"category","embeddable":true,"href":"https:\/\/www.europesays.com\/se\/wp-json\/wp\/v2\/categories?post=136024"},{"taxonomy":"post_tag","embeddable":true,"href":"https:\/\/www.europesays.com\/se\/wp-json\/wp\/v2\/tags?post=136024"}],"curies":[{"name":"wp","href":"https:\/\/api.w.org\/{rel}","templated":true}]}}