{"id":136026,"date":"2026-01-14T17:53:27","date_gmt":"2026-01-14T17:53:27","guid":{"rendered":"https:\/\/www.europesays.com\/se\/136026\/"},"modified":"2026-01-14T17:53:27","modified_gmt":"2026-01-14T17:53:27","slug":"visby-vard-for-mote-med-varldsarv","status":"publish","type":"post","link":"https:\/\/www.europesays.com\/se\/136026\/","title":{"rendered":"Visby v\u00e4rd f\u00f6r m\u00f6te med v\u00e4rldsarv"},"content":{"rendered":"<p><strong>Visby f\u00f6resl\u00e5s st\u00e5 v\u00e4rd f\u00f6r ett internationellt m\u00f6te f\u00f6r v\u00e4rldsarvsst\u00e4der. M\u00f6tet ska \u00e4ga rum i april och v\u00e4ntas kosta runt 80 000 kronor.\u00a0<\/strong><\/p>\n<p>Visby utg\u00f6r en del av Organization of World Heritage Cities, OWHC, ett n\u00e4tverk f\u00f6r v\u00e4rldsarvsst\u00e4der inom vilket man bland annat diskuterar stadsutvecklingsfr\u00e5gor i historiska st\u00e4der med h\u00f6gt bes\u00f6kstryck och stora s\u00e4songsvariationer. Organisationen samlar st\u00e4der i hela v\u00e4rlden och Visby \u00e4r det enda svenska v\u00e4rldsarvet i sammanhanget.<\/p>\n<p>I september fick Visby fr\u00e5gan \u2013 via organisationens internationella sekretariat i kanadensiska Quebec \u2013 om att arrangera och st\u00e5 v\u00e4rd f\u00f6r 2026 \u00e5rs m\u00f6te. Som v\u00e4rd v\u00e4ntas Visby bland annat tills\u00e4tta en projektledare, ordna och hantera m\u00f6teslokal och hotellboende f\u00f6r de cirka 40 personer som ber\u00e4knas delta, samt anordna och bekosta en representationsmiddag. Ett av huvudsyftena med v\u00e5rens m\u00f6te \u00e4r att slutf\u00f6ra f\u00f6rberedelserna inf\u00f6r organisationens kongress i Marrakech senare i \u00e5r.<\/p>\n<p>OWHC kommer att st\u00e5 f\u00f6r en del av kostnaderna som m\u00f6tet drar med sig, och den totala kostnaden f\u00f6r Region Gotland v\u00e4ntas uppg\u00e5 till cirka 80 000 kronor, exklusive arbetstid. Fr\u00e5n Region Gotland kommer cirka femton personer att delta, bland andra regionstyrelsens ordf\u00f6rande och vice ordf\u00f6rande och regionfullm\u00e4ktiges ordf\u00f6rande.<\/p>\n<p>                                        Annons<br \/>\n                                        <a href=\"https:\/\/www.kraenku.se\" target=\"_blank\" data-tracking-id=\"left4\" rel=\"nofollow noopener\"><img decoding=\"async\" src=\"https:\/\/usercontent.one\/wp\/www.horisontmagasin.se\/wp-content\/uploads\/2024\/11\/Kranku-840-x-200.png?media=1766356387\" alt=\"Annons\" class=\"img-fluid mx-auto d-block lazyload\" bad-src=\"data:image\/svg+xml;base64,PHN2ZyB3aWR0aD0iMSIgaGVpZ2h0PSIxIiB4bWxucz0iaHR0cDovL3d3dy53My5vcmcvMjAwMC9zdmciPjwvc3ZnPg==\"\/><\/a>                                    <\/p>\n<p>\u00c4ven landsh\u00f6vdingen \u00e4r inbjuden.<\/p>\n<p>I en skrivelse f\u00f6resl\u00e5r tj\u00e4nstem\u00e4nnen inom samh\u00e4llsbyggnadsf\u00f6rvaltningen att Region Gotland tackar ja till uppdraget. &#8221;Den sammanv\u00e4gda bed\u00f6mningen \u00e4r att Region Gotland b\u00f6r tacka ja till v\u00e4rdskapet och att kostnaderna f\u00f6r detta b\u00f6r belasta politikens ansvar inom regionstyrelsens budget&#8221;, skriver man.<\/p>\n<p>\u00c4rendet ska upp p\u00e5 bordet i morgon n\u00e4r regionstyrelsens arbetsutskott har \u00e5rets f\u00f6rsta m\u00f6te.<\/p>\n<p>&#8221;Vi vill s\u00e5 klart visa v\u00e5r stad och v\u00e5r \u00f6 fr\u00e5n dess b\u00e4sta sida. Genom att bjuda p\u00e5 en representationsmiddag i det medeltida Visbys tecken och en guidad tur kan vi skapa ett best\u00e5ende intryck och goda minnen&#8221;, st\u00e5r det att l\u00e4sa i underlaget till regionstyrelsens arbetsutskott.<\/p>\n<p>Tidigare, liknande m\u00f6ten och sammankomster med organisationen har upplevts givande, l\u00e4rande och inspirerande, och har &#8221;gett uppslag till att finna nya l\u00f6sningar p\u00e5 de komplexa utmaningar som Visby st\u00e5r inf\u00f6r som stad&#8221;.<\/p>\n<p>I juni i fjol stod Visby v\u00e4rd f\u00f6r Hansedagarna, ocks\u00e5 detta ett internationellt m\u00f6te f\u00f6r historiska st\u00e4der.<\/p>\n<p>\u00a0<\/p>\n<p><a style=\"color: #008000\" href=\"https:\/\/www.horisontmagasin.se\/2026\/01\/14\/visby-vard-for-mote-med-varldsarvsstader\/mailto:redaktion@hpress.se\" rel=\"nofollow noopener\" target=\"_blank\"><strong>VEM ELLER VAD<\/strong><\/a> vill du l\u00e4sa mer om? Har du tips p\u00e5 sp\u00e4nnande m\u00e4nniskor eller h\u00e4ndelser som vi b\u00f6r gr\u00e4va i? Mejla Horisonts redaktion p\u00e5 <a style=\"color: #008000\" href=\"https:\/\/www.horisontmagasin.se\/2026\/01\/14\/visby-vard-for-mote-med-varldsarvsstader\/mailto:redaktion@hpress.se\" rel=\"nofollow noopener\" target=\"_blank\"><strong>redaktion@hpress.se<\/strong><\/a>!<\/p>\n<p>\u2014 \u2014 \u2014<\/p>\n<p><a style=\"color: #008000\" href=\"https:\/\/sub.unseald.com\/checkout\/horisontmagasin_se\" rel=\"nofollow noopener\" target=\"_blank\"><b>PRENUMERERA<\/b><\/a>\u00a0f\u00f6r att f\u00e5 tillg\u00e5ng till Horisont magasin och allt premiummaterial p\u00e5 sajten.<\/p>\n<p>\u2014 \u2014 \u2014<\/p>\n<p><a style=\"color: #008000\" href=\"https:\/\/gansub.com\/s\/yOCsZ0O6J8LckzvxW\/\" rel=\"nofollow noopener\" target=\"_blank\"><b>HORISONTS NYHETSBREV<\/b><\/a>\u00a0skickas ut helt gratis varje vardagsmorgon med en sammanfattning av de senaste Gotlandsnyheterna. Registrera dig via l\u00e4nken.<\/p>\n<p>\u00a0<\/p>\n","protected":false},"excerpt":{"rendered":"Visby f\u00f6resl\u00e5s st\u00e5 v\u00e4rd f\u00f6r ett internationellt m\u00f6te f\u00f6r v\u00e4rldsarvsst\u00e4der. M\u00f6tet ska \u00e4ga rum i april och v\u00e4ntas&hellip;\n","protected":false},"author":2,"featured_media":136027,"comment_status":"","ping_status":"","sticky":false,"template":"","format":"standard","meta":{"footnotes":""},"categories":[12],"tags":[22,23,26,27,17,21,13731,24,25,28,29,15,16,18,34,31,33,32,30,19,20,13732,11354],"class_list":{"0":"post-136026","1":"post","2":"type-post","3":"status-publish","4":"format-standard","5":"has-post-thumbnail","7":"category-sverige","8":"tag-breaking-news","9":"tag-breakingnews","10":"tag-featured-news","11":"tag-featurednews","12":"tag-headlines","13":"tag-huvudnyheter","14":"tag-internationell","15":"tag-latest-news","16":"tag-latestnews","17":"tag-main-news","18":"tag-mainnews","19":"tag-news","20":"tag-nyheter","21":"tag-rubriker","22":"tag-se","23":"tag-svenska","24":"tag-sverige","25":"tag-sweden","26":"tag-swedish","27":"tag-top-stories","28":"tag-topstories","29":"tag-varldsarv","30":"tag-visby"},"share_on_mastodon":{"url":"https:\/\/pubeurope.com\/@se\/115894734252247786","error":""},"_links":{"self":[{"href":"https:\/\/www.europesays.com\/se\/wp-json\/wp\/v2\/posts\/136026","targetHints":{"allow":["GET"]}}],"collection":[{"href":"https:\/\/www.europesays.com\/se\/wp-json\/wp\/v2\/posts"}],"about":[{"href":"https:\/\/www.europesays.com\/se\/wp-json\/wp\/v2\/types\/post"}],"author":[{"embeddable":true,"href":"https:\/\/www.europesays.com\/se\/wp-json\/wp\/v2\/users\/2"}],"replies":[{"embeddable":true,"href":"https:\/\/www.europesays.com\/se\/wp-json\/wp\/v2\/comments?post=136026"}],"version-history":[{"count":0,"href":"https:\/\/www.europesays.com\/se\/wp-json\/wp\/v2\/posts\/136026\/revisions"}],"wp:featuredmedia":[{"embeddable":true,"href":"https:\/\/www.europesays.com\/se\/wp-json\/wp\/v2\/media\/136027"}],"wp:attachment":[{"href":"https:\/\/www.europesays.com\/se\/wp-json\/wp\/v2\/media?parent=136026"}],"wp:term":[{"taxonomy":"category","embeddable":true,"href":"https:\/\/www.europesays.com\/se\/wp-json\/wp\/v2\/categories?post=136026"},{"taxonomy":"post_tag","embeddable":true,"href":"https:\/\/www.europesays.com\/se\/wp-json\/wp\/v2\/tags?post=136026"}],"curies":[{"name":"wp","href":"https:\/\/api.w.org\/{rel}","templated":true}]}}