{"id":136030,"date":"2026-01-14T18:02:17","date_gmt":"2026-01-14T18:02:17","guid":{"rendered":"https:\/\/www.europesays.com\/se\/136030\/"},"modified":"2026-01-14T18:02:17","modified_gmt":"2026-01-14T18:02:17","slug":"ny-cybersakerhetslag-komplett-tidslinje","status":"publish","type":"post","link":"https:\/\/www.europesays.com\/se\/136030\/","title":{"rendered":"Ny cybers\u00e4kerhetslag \u2013 komplett tidslinje"},"content":{"rendered":"<p><strong>Tidslinje: NIS2 i Sverige<\/strong><\/p>\n<p><strong>Januari 2026 (prelimin\u00e4rt)<br \/><\/strong>F\u00f6reskrifter om identifiering och anm\u00e4lan tr\u00e4der i kraft.<br \/>Organisationer som omfattas ska kunna identifiera sig och anm\u00e4la sig enligt NIS2.<\/p>\n<p><strong>Januari\u2013februari 2026 (prelimin\u00e4rt)<\/strong><br \/>Myndigheternas anm\u00e4lnings- och registreringstj\u00e4nst \u00f6ppnar, tidigast i m\u00e5nadsskiftet januari\u2013februari.<\/p>\n<p><strong>V\u00e5ren 2026<br \/><\/strong>F\u00f6reskrifter om bland annat:<\/p>\n<ul class=\"wp-block-list\">\n<li>s\u00e4kerhets\u00e5tg\u00e4rder och utbildning<\/li>\n<li>s\u00e4kerhetsrevisioner och s\u00e4kerhetsskanningar<\/li>\n<li>incidentrapportering och informationsskyldighet<\/li>\n<\/ul>\n<p>Ny incidentrapporteringstj\u00e4nst tas i drift.<\/p>\n<p><strong>15 januari 2026<\/strong><br \/>Ny cybers\u00e4kerhetslag och cybers\u00e4kerhetsf\u00f6rordning tr\u00e4der i kraft.<\/p>\n<p><strong>December 2025<\/strong><br \/>Riksdagen beslutar om den nya cybers\u00e4kerhetslagen.<br \/>Regeringen beslutar om cybers\u00e4kerhetsf\u00f6rordningen.<\/p>\n<p><strong>Oktober 2025<\/strong><br \/>Regeringen \u00f6verl\u00e4mnar propositionen om ny cybers\u00e4kerhetslag till riksdagen.<\/p>\n<p><strong>September 2025<\/strong><br \/>Regeringen ger ber\u00f6rda myndigheter i uppdrag att f\u00f6rbereda genomf\u00f6randet av NIS2.<\/p>\n<p><strong>Juni 2025<\/strong><br \/>Lagr\u00e5dsremiss om ny cybers\u00e4kerhetslag publiceras.<\/p>\n<p><strong>Mars 2025<\/strong><br \/>Regeringen beslutar om nationell cybers\u00e4kerhetsstrategi f\u00f6r perioden 2025\u20132029.<\/p>\n<p><strong>18 oktober 2024<\/strong><br \/>Sista datum enligt EU-direktivet f\u00f6r medlemsstaterna att ha genomf\u00f6rt NIS2.<br \/>Sverige har inte inf\u00f6rt regelverket fullt ut vid detta datum.<\/p>\n<p><strong>Mars\u2013maj 2024<\/strong><br \/>Remissperiod f\u00f6r NIS2-utredningen. Ett stort antal remissinstanser l\u00e4mnar synpunkter.<\/p>\n<p><strong>Mars 2024<\/strong><br \/>Utredningens delbet\u00e4nkande om NIS2 presenteras.<\/p>\n<p><strong>Mars 2023<\/strong><br \/>NIS2- och CER-utredningen tills\u00e4tts.<\/p>\n<p><strong>December 2022<\/strong><br \/>NIS2-direktivet antas av EU.<\/p>\n<p>\npublicerad 14 januari 2026<\/p>\n","protected":false},"excerpt":{"rendered":"Tidslinje: NIS2 i Sverige Januari 2026 (prelimin\u00e4rt)F\u00f6reskrifter om identifiering och anm\u00e4lan tr\u00e4der i kraft.Organisationer som omfattas ska kunna&hellip;\n","protected":false},"author":2,"featured_media":136031,"comment_status":"","ping_status":"","sticky":false,"template":"","format":"standard","meta":{"footnotes":""},"categories":[65],"tags":[13662,72,70,71,11877,3697,3698,34,31,33,32,30],"class_list":{"0":"post-136030","1":"post","2":"type-post","3":"status-publish","4":"format-standard","5":"has-post-thumbnail","7":"category-ekonomi","8":"tag-bransch","9":"tag-business","10":"tag-economy","11":"tag-ekonomi","12":"tag-kontaktcenter","13":"tag-professional","14":"tag-sakerhet","15":"tag-se","16":"tag-svenska","17":"tag-sverige","18":"tag-sweden","19":"tag-swedish"},"share_on_mastodon":{"url":"https:\/\/pubeurope.com\/@se\/115894769616078581","error":""},"_links":{"self":[{"href":"https:\/\/www.europesays.com\/se\/wp-json\/wp\/v2\/posts\/136030","targetHints":{"allow":["GET"]}}],"collection":[{"href":"https:\/\/www.europesays.com\/se\/wp-json\/wp\/v2\/posts"}],"about":[{"href":"https:\/\/www.europesays.com\/se\/wp-json\/wp\/v2\/types\/post"}],"author":[{"embeddable":true,"href":"https:\/\/www.europesays.com\/se\/wp-json\/wp\/v2\/users\/2"}],"replies":[{"embeddable":true,"href":"https:\/\/www.europesays.com\/se\/wp-json\/wp\/v2\/comments?post=136030"}],"version-history":[{"count":0,"href":"https:\/\/www.europesays.com\/se\/wp-json\/wp\/v2\/posts\/136030\/revisions"}],"wp:featuredmedia":[{"embeddable":true,"href":"https:\/\/www.europesays.com\/se\/wp-json\/wp\/v2\/media\/136031"}],"wp:attachment":[{"href":"https:\/\/www.europesays.com\/se\/wp-json\/wp\/v2\/media?parent=136030"}],"wp:term":[{"taxonomy":"category","embeddable":true,"href":"https:\/\/www.europesays.com\/se\/wp-json\/wp\/v2\/categories?post=136030"},{"taxonomy":"post_tag","embeddable":true,"href":"https:\/\/www.europesays.com\/se\/wp-json\/wp\/v2\/tags?post=136030"}],"curies":[{"name":"wp","href":"https:\/\/api.w.org\/{rel}","templated":true}]}}