{"id":136032,"date":"2026-01-14T18:04:27","date_gmt":"2026-01-14T18:04:27","guid":{"rendered":"https:\/\/www.europesays.com\/se\/136032\/"},"modified":"2026-01-14T18:04:27","modified_gmt":"2026-01-14T18:04:27","slug":"sverige-skickar-soldater-till-gronland","status":"publish","type":"post","link":"https:\/\/www.europesays.com\/se\/136032\/","title":{"rendered":"Sverige skickar soldater till Gr\u00f6nland"},"content":{"rendered":"<p>Sverige har beslutat att skicka \u201dett f\u00e5tal\u00a0styrkor\u201d till Gr\u00f6nland som en del i en gemensam grupp fr\u00e5n flera allierade l\u00e4nder.\u00a0<\/p>\n<p>\u201dTillsammans ska de f\u00f6rbereda kommande moment inom ramen f\u00f6r den danska \u00f6vningen Operation Arctic Endurance\u201d, skriver statsministern p\u00e5 X.\u00a0<\/p>\n<p>Officerarna anl\u00e4nder under onsdagen.\u00a0Danmark meddelade under onsdagen att man st\u00e4rker sin n\u00e4rvaro p\u00e5 Gr\u00f6nland och det \u00e4r\u00a0p\u00e5 beg\u00e4ran av Danmark som svenska F\u00f6rsvarsmakten skickar sin personal.\u00a0<\/p>\n<blockquote class=\"twitter-tweet\">\n<p lang=\"sv\" dir=\"ltr\">N\u00e5gra officerare fr\u00e5n den svenska F\u00f6rsvarsmakten anl\u00e4nder idag till Gr\u00f6nland. De ing\u00e5r i en grupp fr\u00e5n flera allierade l\u00e4nder. Tillsammans ska de f\u00f6rbereda kommande moment inom ramen f\u00f6r den danska \u00f6vningen Operation Arctic Endurance. Det \u00e4r p\u00e5 f\u00f6rfr\u00e5gan fr\u00e5n Danmark som Sverige\u2026<\/p>\n<p>\u2014 Ulf Kristersson (@SwedishPM) <a href=\"https:\/\/twitter.com\/SwedishPM\/status\/2011469780729868447?ref_src=twsrc%5Etfw\" rel=\"nofollow noopener\" target=\"_blank\">January 14, 2026<\/a><\/p><\/blockquote>\n<p>Till <a href=\"https:\/\/www.expressen.se\/nyheter\/varlden\/sverige-har-skickat--militar-till-gronland\/\" target=\"_blank\" rel=\"noopener nofollow\">Expressen<\/a> s\u00e4ger F\u00f6rsvarsmaktens pressekreterare Henrik Nystr\u00f6m att de ska\u00a0rekognoscera inf\u00f6r kommande \u00f6vningsverksamhet.<\/p>\n<p>\u2013 De \u00e4r officerare som kan inh\u00e4mta information om terr\u00e4ng och milj\u00f6 samt se \u00f6ver m\u00f6jligheterna f\u00f6r att kunna \u00f6va och tr\u00e4na p\u00e5 Gr\u00f6nland. Vi \u00e4r inte vanligtvis p\u00e5 Gr\u00f6nland, men Gr\u00f6nland har blivit en el av v\u00e5rt nya operativa omr\u00e5de, s\u00e4ger Henrik Nystr\u00f6m till tidningen.\u00a0<\/p>\n<p>\u00c4ven Norge skickar soldater till \u00f6n. Enligt uppgifter fr\u00e5n Norska f\u00f6rsvarsdepartementet skickar de tv\u00e5 personer, rapporterar norska <a href=\"https:\/\/www.altinget.se\/hotshot\/se\/\u2013%20Det p\u00e5g\u00e5r n\u00e5 dialog i NATO om hvordan vi kan forsterke sikkerheten i Arktis, ogs\u00e5 for omr\u00e5dene i og rundt Gr\u00f8nland. Det er ikke trukket noen konklusjoner enn\u00e5, men vi gj\u00f8r vurderinger i dialog med allierte. I denne sammenheng har Norge besluttet \u00e5 sende to personer fra Forsvaret til Gr\u00f8nland med det form\u00e5l \u00e5 kartlegge det videre samarbeidet mellom allierte, sier forsvarsminister Tore O. Sandvik til VG.\" target=\"_blank\" rel=\"noopener nofollow\">VG<\/a>.\u00a0<\/p>\n<p>Vid rikskonferensen Folk och F\u00f6rsvar i S\u00e4len tidigare i veckan \u00f6ppnade Socialdemokraterna f\u00f6r att s\u00e4tta svensk trupp p\u00e5 Gr\u00f6nland. Till Altinget sade statsminister Ulf Kristersson att <a href=\"https:\/\/www.altinget.se\/artikel\/regeringen-har-fortsatt-fortroende-for-usa-som-allierad\" target=\"_blank\" rel=\"noopener nofollow\">det \u00e4r upp till Danmark att g\u00f6ra en s\u00e5dan beg\u00e4ran<\/a>, men han utesl\u00f6t inte att det skulle bli aktuellt.\u00a0<\/p>\n<p><script async src=\"https:\/\/platform.twitter.com\/widgets.js\" charset=\"utf-8\"><\/script><\/p>\n","protected":false},"excerpt":{"rendered":"Sverige har beslutat att skicka \u201dett f\u00e5tal\u00a0styrkor\u201d till Gr\u00f6nland som en del i en gemensam grupp fr\u00e5n flera&hellip;\n","protected":false},"author":2,"featured_media":136033,"comment_status":"","ping_status":"","sticky":false,"template":"","format":"standard","meta":{"footnotes":""},"categories":[12],"tags":[22,23,26,27,17,21,24,25,28,29,15,16,18,34,31,33,32,30,19,20],"class_list":{"0":"post-136032","1":"post","2":"type-post","3":"status-publish","4":"format-standard","5":"has-post-thumbnail","7":"category-sverige","8":"tag-breaking-news","9":"tag-breakingnews","10":"tag-featured-news","11":"tag-featurednews","12":"tag-headlines","13":"tag-huvudnyheter","14":"tag-latest-news","15":"tag-latestnews","16":"tag-main-news","17":"tag-mainnews","18":"tag-news","19":"tag-nyheter","20":"tag-rubriker","21":"tag-se","22":"tag-svenska","23":"tag-sverige","24":"tag-sweden","25":"tag-swedish","26":"tag-top-stories","27":"tag-topstories"},"share_on_mastodon":{"url":"https:\/\/pubeurope.com\/@se\/115894777497985008","error":""},"_links":{"self":[{"href":"https:\/\/www.europesays.com\/se\/wp-json\/wp\/v2\/posts\/136032","targetHints":{"allow":["GET"]}}],"collection":[{"href":"https:\/\/www.europesays.com\/se\/wp-json\/wp\/v2\/posts"}],"about":[{"href":"https:\/\/www.europesays.com\/se\/wp-json\/wp\/v2\/types\/post"}],"author":[{"embeddable":true,"href":"https:\/\/www.europesays.com\/se\/wp-json\/wp\/v2\/users\/2"}],"replies":[{"embeddable":true,"href":"https:\/\/www.europesays.com\/se\/wp-json\/wp\/v2\/comments?post=136032"}],"version-history":[{"count":0,"href":"https:\/\/www.europesays.com\/se\/wp-json\/wp\/v2\/posts\/136032\/revisions"}],"wp:featuredmedia":[{"embeddable":true,"href":"https:\/\/www.europesays.com\/se\/wp-json\/wp\/v2\/media\/136033"}],"wp:attachment":[{"href":"https:\/\/www.europesays.com\/se\/wp-json\/wp\/v2\/media?parent=136032"}],"wp:term":[{"taxonomy":"category","embeddable":true,"href":"https:\/\/www.europesays.com\/se\/wp-json\/wp\/v2\/categories?post=136032"},{"taxonomy":"post_tag","embeddable":true,"href":"https:\/\/www.europesays.com\/se\/wp-json\/wp\/v2\/tags?post=136032"}],"curies":[{"name":"wp","href":"https:\/\/api.w.org\/{rel}","templated":true}]}}