{"id":136034,"date":"2026-01-14T18:05:07","date_gmt":"2026-01-14T18:05:07","guid":{"rendered":"https:\/\/www.europesays.com\/se\/136034\/"},"modified":"2026-01-14T18:05:07","modified_gmt":"2026-01-14T18:05:07","slug":"skickat-tva-personer-fran-forsvarsmakten-till-gronland","status":"publish","type":"post","link":"https:\/\/www.europesays.com\/se\/136034\/","title":{"rendered":"Skickat tv\u00e5 personer fr\u00e5n F\u00f6rsvarsmakten till Gr\u00f6nland"},"content":{"rendered":"<p>Stockholmsb\u00f6rsens breda OMXS-index backade 0,1 procent p\u00e5 onsdagen \u2013 samtidigt som guld- och silverpriserna steg till rekordniv\u00e5er.<\/p>\n<p>Bland de mest omsatta aktierna i OMXS30-index \u2013 som var uppe p\u00e5 historiska rekordniv\u00e5er \u00f6ver indexniv\u00e5n 3\u00a0000 under f\u00f6rmiddagshandeln \u2013 lyfte bland annat Telia och Tele2, upp 3,1 respektive 2,6 procent. S\u00e4mst i OMXS30 gick n\u00e4tkasinobolaget Evolution, som f\u00f6ll 3,4 procent.<\/p>\n<p>Bland de mindre bolagen kollapsade aktien i k\u00f6kstillverkaren Nobia, ned 27 procent, efter beskedet om att bolaget avyttrar sin brittiska verksamhet utan k\u00f6peskilling.<\/p>\n<p>Guld- och silverpriserna lyfte till nya rekordniv\u00e5er, och oljepriset kretsade kring den h\u00f6gsta niv\u00e5n p\u00e5 tv\u00e5 m\u00e5nader.<\/p>\n","protected":false},"excerpt":{"rendered":"Stockholmsb\u00f6rsens breda OMXS-index backade 0,1 procent p\u00e5 onsdagen \u2013 samtidigt som guld- och silverpriserna steg till rekordniv\u00e5er. Bland&hellip;\n","protected":false},"author":2,"featured_media":14013,"comment_status":"","ping_status":"","sticky":false,"template":"","format":"standard","meta":{"footnotes":""},"categories":[5],"tags":[22,23,26,27,17,21,24,25,28,29,15,16,18,34,31,33,32,30,19,20],"class_list":{"0":"post-136034","1":"post","2":"type-post","3":"status-publish","4":"format-standard","5":"has-post-thumbnail","7":"category-rubriker","8":"tag-breaking-news","9":"tag-breakingnews","10":"tag-featured-news","11":"tag-featurednews","12":"tag-headlines","13":"tag-huvudnyheter","14":"tag-latest-news","15":"tag-latestnews","16":"tag-main-news","17":"tag-mainnews","18":"tag-news","19":"tag-nyheter","20":"tag-rubriker","21":"tag-se","22":"tag-svenska","23":"tag-sverige","24":"tag-sweden","25":"tag-swedish","26":"tag-top-stories","27":"tag-topstories"},"share_on_mastodon":{"url":"https:\/\/pubeurope.com\/@se\/115894781353107634","error":""},"_links":{"self":[{"href":"https:\/\/www.europesays.com\/se\/wp-json\/wp\/v2\/posts\/136034","targetHints":{"allow":["GET"]}}],"collection":[{"href":"https:\/\/www.europesays.com\/se\/wp-json\/wp\/v2\/posts"}],"about":[{"href":"https:\/\/www.europesays.com\/se\/wp-json\/wp\/v2\/types\/post"}],"author":[{"embeddable":true,"href":"https:\/\/www.europesays.com\/se\/wp-json\/wp\/v2\/users\/2"}],"replies":[{"embeddable":true,"href":"https:\/\/www.europesays.com\/se\/wp-json\/wp\/v2\/comments?post=136034"}],"version-history":[{"count":0,"href":"https:\/\/www.europesays.com\/se\/wp-json\/wp\/v2\/posts\/136034\/revisions"}],"wp:featuredmedia":[{"embeddable":true,"href":"https:\/\/www.europesays.com\/se\/wp-json\/wp\/v2\/media\/14013"}],"wp:attachment":[{"href":"https:\/\/www.europesays.com\/se\/wp-json\/wp\/v2\/media?parent=136034"}],"wp:term":[{"taxonomy":"category","embeddable":true,"href":"https:\/\/www.europesays.com\/se\/wp-json\/wp\/v2\/categories?post=136034"},{"taxonomy":"post_tag","embeddable":true,"href":"https:\/\/www.europesays.com\/se\/wp-json\/wp\/v2\/tags?post=136034"}],"curies":[{"name":"wp","href":"https:\/\/api.w.org\/{rel}","templated":true}]}}