{"id":136035,"date":"2026-01-14T18:07:27","date_gmt":"2026-01-14T18:07:27","guid":{"rendered":"https:\/\/www.europesays.com\/se\/136035\/"},"modified":"2026-01-14T18:07:27","modified_gmt":"2026-01-14T18:07:27","slug":"michael-carrick-tar-over-manchester-united","status":"publish","type":"post","link":"https:\/\/www.europesays.com\/se\/136035\/","title":{"rendered":"Michael Carrick tar \u00f6ver Manchester United"},"content":{"rendered":"<p>Publicerad 13 jan 2026 kl 20.17Uppdaterad kl 22.59<\/p>\n<p>Nu \u00e4r det klart.<\/p>\n<p>Michael Carrick, 44, tar \u00f6ver Manchester United.<\/p>\n<p>Kontraktet g\u00e4ller s\u00e4songen ut.\u00a0<\/p>\n<p>Senaste sportklippen fr\u00e5n Expressen.<img   alt=\"\"\/><\/p>\n<p>Michael Carrick.<\/p>\n<p>Foto: MIKE EGERTON \/ STELLA PICTURES<\/p>\n<p>\u00d6ppna bild i helsk\u00e4rm<img loading=\"lazy\"   alt=\"\"\/>\u00d6ppna bild i helsk\u00e4rm<\/p>\n<p>Trots h\u00e4ng p\u00e5 Champions League-platserna fick Ruben Amorim sparken fr\u00e5n <a href=\"https:\/\/www.expressen.se\/tagg\/organization\/manchester-united\/\" class=\"\" rel=\"nofollow noopener\" target=\"_blank\">Manchester United<\/a> efter en schism med klubbledningen.<\/p>\n<p>Det blir ett bekant ansikte som tar \u00f6ver nu.<\/p>\n<p>F\u00f6rre United-spelaren Michael Carrick har utsetts till huvudtr\u00e4nare, meddelar klubben p\u00e5 sin hemsida.<\/p>\n<p>Kontraktet g\u00e4ller s\u00e4songen ut.<\/p>\n<p>\u2013 Att f\u00e5 ansvaret att leda Manchester United \u00e4r en \u00e4ra. Jag vet vad som kr\u00e4vs f\u00f6r att lyckas h\u00e4r. Mitt fokus ligger p\u00e5 att hj\u00e4lpa spelarna n\u00e5 de h\u00f6ga kraven som finns h\u00e4r, vilket vi vet att de \u00e4r mer \u00e4n kapabla till, s\u00e4ger Carrick.<\/p>\n<p>Sportchefen: \u201dVet exakt vad som kr\u00e4vs\u201d<\/p>\n<p>Med sig i tr\u00e4narstaben kommer engelsmannen ha Steve Holland, Jonathan Woodgate, Travis Binnion, Jonny Evans och Craig Mawson.<\/p>\n<p>Tidigare interiml\u00f6sningen Darren Fletcher \u00e5terg\u00e5r till tj\u00e4nsten som tr\u00e4nare f\u00f6r klubbens U18-lag.<\/p>\n<p>\u2013 Michael \u00e4r en utm\u00e4rkt tr\u00e4nare och vet exakt vad som kr\u00e4vs f\u00f6r att vinna h\u00e4r. Han \u00e4r redo att leda v\u00e5r talangfulla och m\u00e5lmedvetna grupp av spelare resten av s\u00e4songen, s\u00e4ger sportchefen Jason Wilcox.<\/p>\n<p>Carrick var en del av Ole-Gunnar Solskjaers tr\u00e4narstab i klubben mellan 2018 och 2021. Samme Solskjaer som han s\u00e4gs ha snuvat jobbet p\u00e5 nu.<\/p>\n<p>Efter det tr\u00e4nade Carrick Middlesbrough i Championship i 2,5 \u00e5rs tid. Han gjorde 464 matcher f\u00f6r Manchester United som spelare.<\/p>\n","protected":false},"excerpt":{"rendered":"Publicerad 13 jan 2026 kl 20.17Uppdaterad kl 22.59 Nu \u00e4r det klart. Michael Carrick, 44, tar \u00f6ver Manchester&hellip;\n","protected":false},"author":2,"featured_media":136036,"comment_status":"","ping_status":"","sticky":false,"template":"","format":"standard","meta":{"footnotes":""},"categories":[68],"tags":[1228,244,34,129,242,111,110,31,33,32,30],"class_list":{"0":"post-136035","1":"post","2":"type-post","3":"status-publish","4":"format-standard","5":"has-post-thumbnail","7":"category-sport","8":"tag-organization-manchester-united","9":"tag-organization-premier-league","10":"tag-se","11":"tag-sections-fotboll","12":"tag-sections-premierleague","13":"tag-sport","14":"tag-sports","15":"tag-svenska","16":"tag-sverige","17":"tag-sweden","18":"tag-swedish"},"share_on_mastodon":{"url":"https:\/\/pubeurope.com\/@se\/115894789232050177","error":""},"_links":{"self":[{"href":"https:\/\/www.europesays.com\/se\/wp-json\/wp\/v2\/posts\/136035","targetHints":{"allow":["GET"]}}],"collection":[{"href":"https:\/\/www.europesays.com\/se\/wp-json\/wp\/v2\/posts"}],"about":[{"href":"https:\/\/www.europesays.com\/se\/wp-json\/wp\/v2\/types\/post"}],"author":[{"embeddable":true,"href":"https:\/\/www.europesays.com\/se\/wp-json\/wp\/v2\/users\/2"}],"replies":[{"embeddable":true,"href":"https:\/\/www.europesays.com\/se\/wp-json\/wp\/v2\/comments?post=136035"}],"version-history":[{"count":0,"href":"https:\/\/www.europesays.com\/se\/wp-json\/wp\/v2\/posts\/136035\/revisions"}],"wp:featuredmedia":[{"embeddable":true,"href":"https:\/\/www.europesays.com\/se\/wp-json\/wp\/v2\/media\/136036"}],"wp:attachment":[{"href":"https:\/\/www.europesays.com\/se\/wp-json\/wp\/v2\/media?parent=136035"}],"wp:term":[{"taxonomy":"category","embeddable":true,"href":"https:\/\/www.europesays.com\/se\/wp-json\/wp\/v2\/categories?post=136035"},{"taxonomy":"post_tag","embeddable":true,"href":"https:\/\/www.europesays.com\/se\/wp-json\/wp\/v2\/tags?post=136035"}],"curies":[{"name":"wp","href":"https:\/\/api.w.org\/{rel}","templated":true}]}}