{"id":136039,"date":"2026-01-14T18:10:21","date_gmt":"2026-01-14T18:10:21","guid":{"rendered":"https:\/\/www.europesays.com\/se\/136039\/"},"modified":"2026-01-14T18:10:21","modified_gmt":"2026-01-14T18:10:21","slug":"nya-bolanereglerna-ska-hjalpa-unga-in-pa-marknaden","status":"publish","type":"post","link":"https:\/\/www.europesays.com\/se\/136039\/","title":{"rendered":"Nya bol\u00e5ne\u00adreglerna ska hj\u00e4lpa unga in p\u00e5 marknaden"},"content":{"rendered":"<p class=\"kicker t16 tm16 tertiary color_mobile_tertiary\" style=\"\">Ekonomi<\/p>\n<p>\n        Nya bol\u00e5neregler kan leda till \u00f6kad risk f\u00f6r bostadsbubblor,<br \/>\n        Janerik Henriksson\/TT\n    <\/p>\n<p>    Regeringen g\u00e5r vidare med l\u00e4ttnader i\u00a0amorterings\u00adkraven och ett h\u00f6jt bol\u00e5ne\u00adtak. Syftet \u00e4r att hj\u00e4lpa unga in p\u00e5 bostads\u00admarknaden, samtidigt varnas f\u00f6r att f\u00f6rslaget kan leda till b\u00e5de h\u00f6gre bostads\u00adpriser och \u00f6kad risk f\u00f6r bostads\u00adbubblor.<\/p>\n<p>Fr\u00e5n och med den 1\u00a0april \u00e4r det t\u00e4nkt att f\u00f6rslaget ska tr\u00e4da i\u00a0kraft. Rent praktiskt inneb\u00e4r det tv\u00e5 stora skillnader fr\u00e5n i\u00a0dag:<\/p>\n<p>                ERBJUDANDE!<br \/>\n<br \/>V\u00e4rlden idag DIGITAL<br \/>\n                2 m\u00e5nader f\u00f6r 10 kr!<\/p>\n<p>\n                    <a style=\"\" class=\"lab-paywall-teaser-offer-button\" href=\"https:\/\/api.varldenidag.se\/paywall\/order?providerUrl=https%3A%2F%2Forder.flowy.se%2Fvarldenidag%2Fvarldenidagdigital%2F3990%2Fuserform%3FcouponNumber%3D124&amp;siteAlias=varldenidag&amp;&amp;siteId=2&amp;contentUrl=https%3A%2F%2Fwww.varldenidag.se%2Fvardag%2Fnya-bolanereglerna-ska-hjaelpa-unga-in-pa-marknaden%2F898132\" rel=\"nofollow noopener\" target=\"_blank\">K\u00d6P<\/a>\n                <\/p>\n<p>                V\u00e4rlden idag<br \/>\n<br \/>DIGITAL<br \/>\n                139,-<\/p>\n<p class=\"price_description\">kr\/m\u00e5nad \u200b\u200b\u200b\u200b\u200b\u200b<\/p>\n<p>\n                    <a style=\"\" class=\"lab-paywall-teaser-offer-button\" href=\"https:\/\/order.flowy.se\/varldenidag\/varldenidagdigital\" rel=\"nofollow noopener\" target=\"_blank\">K\u00d6P<\/a>\n                <\/p>\n<p>                V\u00e4rlden idag<br \/>\n<br \/>PAPPER<br \/>\n                229,-<\/p>\n<p class=\"price_description\">kr\/m\u00e5nad \u200b\u200b\u200b\u200b\u200b\u200b<\/p>\n<p>\n                    <a style=\"\" class=\"lab-paywall-teaser-offer-button\" href=\"https:\/\/order.flowy.se\/varldenidag\/varldenidag\" rel=\"nofollow noopener\" target=\"_blank\">K\u00d6P<\/a>\n                <\/p>\n","protected":false},"excerpt":{"rendered":"Ekonomi Nya bol\u00e5neregler kan leda till \u00f6kad risk f\u00f6r bostadsbubblor, Janerik Henriksson\/TT Regeringen g\u00e5r vidare med l\u00e4ttnader i\u00a0amorterings\u00adkraven&hellip;\n","protected":false},"author":2,"featured_media":136040,"comment_status":"","ping_status":"","sticky":false,"template":"","format":"standard","meta":{"footnotes":""},"categories":[65],"tags":[72,70,71,34,31,33,32,30],"class_list":{"0":"post-136039","1":"post","2":"type-post","3":"status-publish","4":"format-standard","5":"has-post-thumbnail","7":"category-ekonomi","8":"tag-business","9":"tag-economy","10":"tag-ekonomi","11":"tag-se","12":"tag-svenska","13":"tag-sverige","14":"tag-sweden","15":"tag-swedish"},"share_on_mastodon":{"url":"https:\/\/pubeurope.com\/@se\/115894801047803675","error":""},"_links":{"self":[{"href":"https:\/\/www.europesays.com\/se\/wp-json\/wp\/v2\/posts\/136039","targetHints":{"allow":["GET"]}}],"collection":[{"href":"https:\/\/www.europesays.com\/se\/wp-json\/wp\/v2\/posts"}],"about":[{"href":"https:\/\/www.europesays.com\/se\/wp-json\/wp\/v2\/types\/post"}],"author":[{"embeddable":true,"href":"https:\/\/www.europesays.com\/se\/wp-json\/wp\/v2\/users\/2"}],"replies":[{"embeddable":true,"href":"https:\/\/www.europesays.com\/se\/wp-json\/wp\/v2\/comments?post=136039"}],"version-history":[{"count":0,"href":"https:\/\/www.europesays.com\/se\/wp-json\/wp\/v2\/posts\/136039\/revisions"}],"wp:featuredmedia":[{"embeddable":true,"href":"https:\/\/www.europesays.com\/se\/wp-json\/wp\/v2\/media\/136040"}],"wp:attachment":[{"href":"https:\/\/www.europesays.com\/se\/wp-json\/wp\/v2\/media?parent=136039"}],"wp:term":[{"taxonomy":"category","embeddable":true,"href":"https:\/\/www.europesays.com\/se\/wp-json\/wp\/v2\/categories?post=136039"},{"taxonomy":"post_tag","embeddable":true,"href":"https:\/\/www.europesays.com\/se\/wp-json\/wp\/v2\/tags?post=136039"}],"curies":[{"name":"wp","href":"https:\/\/api.w.org\/{rel}","templated":true}]}}