{"id":136042,"date":"2026-01-14T18:13:09","date_gmt":"2026-01-14T18:13:09","guid":{"rendered":"https:\/\/www.europesays.com\/se\/136042\/"},"modified":"2026-01-14T18:13:09","modified_gmt":"2026-01-14T18:13:09","slug":"sa-har-forklarar-sonesson-m-beslutet-att-vagra-ta-emot-kvotflyktingar","status":"publish","type":"post","link":"https:\/\/www.europesays.com\/se\/136042\/","title":{"rendered":"S\u00e5 h\u00e4r f\u00f6rklarar Sonesson (M) beslutet att v\u00e4gra ta emot kvotflyktingar"},"content":{"rendered":"<p>\u2013 Jag var v\u00e4lmedveten om att kommunstyrelsen inte hade beh\u00f6righeten att p\u00e5 n\u00e5got s\u00e4tt s\u00e4tta stopp f\u00f6r den p\u00e5g\u00e5ende mottagandeverksamheten. D\u00e4remot s\u00e5 var det att skicka ett tydligt uttalande till staten b\u00e5de i form av rikspolitiken men ocks\u00e5 olika myndigheter, s\u00e4ger Christian Sonesson (M) i r\u00e4ttssalen.<\/p>\n<p>Christian Sonesson \u00e4r kommunstyrelsens ordf\u00f6rande i Staffanstorp och den som l\u00e5g bakom f\u00f6rslaget att stoppa mottagandet av kvotflyktingar som kommunstyrelsen i Staffanstorp fattade beslut om v\u00e5ren 2022.<\/p>\n<p>Skyller p\u00e5 tuffa tider<\/p>\n<p>I f\u00f6rh\u00f6r med \u00e5klagaren lyfte Christian Sonesson att det var en tuff tid f\u00f6r kommunen som precis hade tagit sig igenom pandemin och sen skulle ta emot stora m\u00e4ngder ukrainska flyktingar samtidigt som arbetet med att ta emot kvotflyktingar fortsatte som normalt.<\/p>\n<p>\u2013 Det skulle bli ett stort \u00e5tagande att b\u00e5de kunna hj\u00e4lpa krigsutsatta fr\u00e5n Ukraina och samtidigt forts\u00e4tta fullt ut med den planerade verksamheten. <\/p>\n<p>Sex kommunpolitiker inf\u00f6r r\u00e4tta<\/p>\n<p>Efter beslutet att stoppa mottagandet st\u00e5r nu <a href=\"https:\/\/www.svt.se\/nyheter\/lokalt\/skane\/staffanstorp-vagrade-ta-emot-kvotflyktingar-kommunpolitiker-riskerar-fangelse\" rel=\"nofollow noopener\" target=\"_blank\">sex kommunpolitiker \u00e5talade f\u00f6r grovt tj\u00e4nstefel<\/a>. <\/p>\n<p>Samtliga nekar till brott med motiveringen att beslutet inte kunde vara olagligt eftersom det var ogiltigt d\u00e5 kommunstyrelsen inte har befogenhet att fatta beslut i fr\u00e5gan.<\/p>\n<p>Flyktingfamilj plockades inte upp<\/p>\n<p>V\u00e5ren 2022 blev en <a href=\"https:\/\/www.svt.se\/nyheter\/lokalt\/skane\/har-familjen-som-saffanstorps-kommun-vagrade-ta-emot\" rel=\"nofollow noopener\" target=\"_blank\">flyktingfamilj st\u00e5ende p\u00e5 flygplatsen i Sturup d\u00e5 ingen fr\u00e5n Staffanstorps kommun kom f\u00f6r att h\u00e4mta dem<\/a>. <\/p>\n<p>\u2013 Det var inte syftet utan syftet var att sicka den h\u00e4r signalen, s\u00e4ger Christian Sonesson.<\/p>\n","protected":false},"excerpt":{"rendered":"\u2013 Jag var v\u00e4lmedveten om att kommunstyrelsen inte hade beh\u00f6righeten att p\u00e5 n\u00e5got s\u00e4tt s\u00e4tta stopp f\u00f6r den&hellip;\n","protected":false},"author":2,"featured_media":136043,"comment_status":"","ping_status":"","sticky":false,"template":"","format":"standard","meta":{"footnotes":""},"categories":[5],"tags":[22,23,26,27,17,21,24,25,28,29,15,16,18,34,31,33,32,30,19,20],"class_list":{"0":"post-136042","1":"post","2":"type-post","3":"status-publish","4":"format-standard","5":"has-post-thumbnail","7":"category-rubriker","8":"tag-breaking-news","9":"tag-breakingnews","10":"tag-featured-news","11":"tag-featurednews","12":"tag-headlines","13":"tag-huvudnyheter","14":"tag-latest-news","15":"tag-latestnews","16":"tag-main-news","17":"tag-mainnews","18":"tag-news","19":"tag-nyheter","20":"tag-rubriker","21":"tag-se","22":"tag-svenska","23":"tag-sverige","24":"tag-sweden","25":"tag-swedish","26":"tag-top-stories","27":"tag-topstories"},"share_on_mastodon":{"url":"https:\/\/pubeurope.com\/@se\/115894812820150887","error":""},"_links":{"self":[{"href":"https:\/\/www.europesays.com\/se\/wp-json\/wp\/v2\/posts\/136042","targetHints":{"allow":["GET"]}}],"collection":[{"href":"https:\/\/www.europesays.com\/se\/wp-json\/wp\/v2\/posts"}],"about":[{"href":"https:\/\/www.europesays.com\/se\/wp-json\/wp\/v2\/types\/post"}],"author":[{"embeddable":true,"href":"https:\/\/www.europesays.com\/se\/wp-json\/wp\/v2\/users\/2"}],"replies":[{"embeddable":true,"href":"https:\/\/www.europesays.com\/se\/wp-json\/wp\/v2\/comments?post=136042"}],"version-history":[{"count":0,"href":"https:\/\/www.europesays.com\/se\/wp-json\/wp\/v2\/posts\/136042\/revisions"}],"wp:featuredmedia":[{"embeddable":true,"href":"https:\/\/www.europesays.com\/se\/wp-json\/wp\/v2\/media\/136043"}],"wp:attachment":[{"href":"https:\/\/www.europesays.com\/se\/wp-json\/wp\/v2\/media?parent=136042"}],"wp:term":[{"taxonomy":"category","embeddable":true,"href":"https:\/\/www.europesays.com\/se\/wp-json\/wp\/v2\/categories?post=136042"},{"taxonomy":"post_tag","embeddable":true,"href":"https:\/\/www.europesays.com\/se\/wp-json\/wp\/v2\/tags?post=136042"}],"curies":[{"name":"wp","href":"https:\/\/api.w.org\/{rel}","templated":true}]}}