{"id":136054,"date":"2026-01-14T18:28:33","date_gmt":"2026-01-14T18:28:33","guid":{"rendered":"https:\/\/www.europesays.com\/se\/136054\/"},"modified":"2026-01-14T18:28:33","modified_gmt":"2026-01-14T18:28:33","slug":"stort-stromavbrott-pa-varmdo-mitt-i","status":"publish","type":"post","link":"https:\/\/www.europesays.com\/se\/136054\/","title":{"rendered":"Stort str\u00f6mavbrott p\u00e5 V\u00e4rmd\u00f6 | Mitt i"},"content":{"rendered":"<p class=\"ort\">V\u00e4rmd\u00f6<\/p>\n<p class=\"text\">Det \u00e4r str\u00f6mavbrott i stora delar av Gustavsberg och M\u00f6lnvik p\u00e5 V\u00e4rmd\u00f6 just nu. Fr\u00e5n b\u00f6rjan var det 2 290 abonnenter som blev utan str\u00f6m, d\u00e4ribland tre centrumomr\u00e5den.<\/p>\n<p class=\"text\">Nu \u00e4r siffran nere p\u00e5 drygt 400.<\/p>\n<p class=\"text\">Elbolaget Vattenfall jobbar just nu med att dels fels\u00f6ka vad str\u00f6mavbrottet beror p\u00e5, dels f\u00f6rs\u00f6ka leda om elen hos de drabbade via andra ledningar.<\/p>\n<p class=\"text\">\u2013 N\u00e4sta steg efter det \u00e4r att \u00e5tg\u00e4rda felen, s\u00e4ger Carina Netterlind, pressekreterare hos Vattenfall. <\/p>\n<p class=\"text\">\u00c4n \u00e4r orsaken bakom avbrottet oklart men v\u00e4dret tros vara en f\u00f6rklaring.<\/p>\n<p class=\"text\">\u2013 Det kan vara tung bl\u00f6t sn\u00f6 som ligger p\u00e5 ledningar och eller tr\u00e4d och grenar som fallit \u00f6ver dem. Den h\u00e4r typen av v\u00e4der \u00e4r problematiskt och vi m\u00e5ste ocks\u00e5 se till s\u00e4kerheten f\u00f6r v\u00e5ra anst\u00e4llda. De som ska ut och fels\u00f6ka och laga ledningarna m\u00e5ste kunna g\u00f6ra det h\u00e4r p\u00e5 ett s\u00e4kert s\u00e4tt, s\u00e4ger Carina Netterlind.<\/p>\n<p><img decoding=\"async\" class=\"Image Image_\" src=\"\" data-aghref=\"http:\/\/www.mitti.se\/image-3.355016.272478.20260114163049.1.d94fa0608c\" data-agimagetype=\"hardcrop\" alt=\"Str\u00f6ml\u00f6st. Bild fr\u00e5n M\u00f6lnvik tagen vid 16-tiden idag, onsdag.\"\/><\/p>\n<p class=\"Caption\">Str\u00f6ml\u00f6st. Bild fr\u00e5n M\u00f6lnvik tagen vid 16-tiden idag, onsdag.<\/p>\n<p class=\"Source\">Privat<\/p>\n<p>Trygghetsbil st\u00f6ttar<\/p>\n<p class=\"text\">Prognosen f\u00f6r n\u00e4r det ska vara klart var f\u00f6rst satt till klockan 21 p\u00e5 onsdagskv\u00e4llen, men har nu flyttats till klockan 18.<\/p>\n<p class=\"text\">V\u00e4rmd\u00f6 kommun har sin trygghetsbil ute i centrumomr\u00e5dena f\u00f6r att st\u00f6tta d\u00e4r butiker \u00e4r str\u00f6ml\u00f6sa.<\/p>\n<p class=\"text\">\u2013 Vi har ocks\u00e5 beredskap f\u00f6r att hj\u00e4lpa hemtj\u00e4nsten om det h\u00e4r blir l\u00e5ngvarigt, s\u00e4ger Anette Andersson, pressansvarig p\u00e5 V\u00e4rmd\u00f6 kommun.<\/p>\n<p class=\"text\">Det stora \u00e4ldreboendet i Gustavsberg, Gustavsg\u00e5rden, har egna reservaggregat som nu kopplats in och ber\u00f6rda f\u00f6rskolor l\u00f6ser det med t\u00e4nda ljus och ficklampor, enligt Anette Andersson.<\/p>\n<p class=\"text\">\u2013 Vi har kontakt med dem och det fungerar bra \u00e4n s\u00e5 l\u00e4nge. Vi f\u00f6ljer prognosen nu och f\u00e5r se var det h\u00e4r tar v\u00e4gen.<\/p>\n<p class=\"faktarubrik\">T\u00e4nk p\u00e5 detta n\u00e4r str\u00f6mmen g\u00e5r<\/p>\n<p class=\"fakta\">1. Undvik att \u00f6ppna kyl och frys.<\/p>\n<p class=\"fakta\">2. Om m\u00f6jligt, vistas i ett och samma rum i bostaden, f\u00f6r att h\u00e5lla v\u00e4rmen b\u00e4ttre.<\/p>\n<p class=\"fakta\">3. Ha stearinljus och v\u00e4rmeljus i beredskap men t\u00e4nk p\u00e5 brandfaran.<\/p>\n<p class=\"fakta\">4. Tappa upp det vatten som trots str\u00f6mavbrottet g\u00e5r att tappa upp, i hinkar eller badkar. <\/p>\n<p class=\"fakta\">5. St\u00e4ng av elektriska apparater s\u00e5 l\u00e5ngt m\u00f6jligt. N\u00e4r str\u00f6mmen v\u00e4l kommer tillbaka finns risken att n\u00e4tet kan \u00f6verbelastas och f\u00f6rst\u00f6ra elutrustning.<\/p>\n<p class=\"faktakalla\">K\u00e4lla: Mitt i<\/p>\n","protected":false},"excerpt":{"rendered":"V\u00e4rmd\u00f6 Det \u00e4r str\u00f6mavbrott i stora delar av Gustavsberg och M\u00f6lnvik p\u00e5 V\u00e4rmd\u00f6 just nu. Fr\u00e5n b\u00f6rjan var&hellip;\n","protected":false},"author":2,"featured_media":136055,"comment_status":"","ping_status":"","sticky":false,"template":"","format":"standard","meta":{"footnotes":""},"categories":[12],"tags":[22,23,26,27,17,21,24,25,28,29,15,16,18,34,31,33,32,30,19,20],"class_list":{"0":"post-136054","1":"post","2":"type-post","3":"status-publish","4":"format-standard","5":"has-post-thumbnail","7":"category-sverige","8":"tag-breaking-news","9":"tag-breakingnews","10":"tag-featured-news","11":"tag-featurednews","12":"tag-headlines","13":"tag-huvudnyheter","14":"tag-latest-news","15":"tag-latestnews","16":"tag-main-news","17":"tag-mainnews","18":"tag-news","19":"tag-nyheter","20":"tag-rubriker","21":"tag-se","22":"tag-svenska","23":"tag-sverige","24":"tag-sweden","25":"tag-swedish","26":"tag-top-stories","27":"tag-topstories"},"share_on_mastodon":{"url":"https:\/\/pubeurope.com\/@se\/115894871885206633","error":""},"_links":{"self":[{"href":"https:\/\/www.europesays.com\/se\/wp-json\/wp\/v2\/posts\/136054","targetHints":{"allow":["GET"]}}],"collection":[{"href":"https:\/\/www.europesays.com\/se\/wp-json\/wp\/v2\/posts"}],"about":[{"href":"https:\/\/www.europesays.com\/se\/wp-json\/wp\/v2\/types\/post"}],"author":[{"embeddable":true,"href":"https:\/\/www.europesays.com\/se\/wp-json\/wp\/v2\/users\/2"}],"replies":[{"embeddable":true,"href":"https:\/\/www.europesays.com\/se\/wp-json\/wp\/v2\/comments?post=136054"}],"version-history":[{"count":0,"href":"https:\/\/www.europesays.com\/se\/wp-json\/wp\/v2\/posts\/136054\/revisions"}],"wp:featuredmedia":[{"embeddable":true,"href":"https:\/\/www.europesays.com\/se\/wp-json\/wp\/v2\/media\/136055"}],"wp:attachment":[{"href":"https:\/\/www.europesays.com\/se\/wp-json\/wp\/v2\/media?parent=136054"}],"wp:term":[{"taxonomy":"category","embeddable":true,"href":"https:\/\/www.europesays.com\/se\/wp-json\/wp\/v2\/categories?post=136054"},{"taxonomy":"post_tag","embeddable":true,"href":"https:\/\/www.europesays.com\/se\/wp-json\/wp\/v2\/tags?post=136054"}],"curies":[{"name":"wp","href":"https:\/\/api.w.org\/{rel}","templated":true}]}}