{"id":136056,"date":"2026-01-14T18:29:25","date_gmt":"2026-01-14T18:29:25","guid":{"rendered":"https:\/\/www.europesays.com\/se\/136056\/"},"modified":"2026-01-14T18:29:25","modified_gmt":"2026-01-14T18:29:25","slug":"person-dod-efter-trafikolycka-i-glasberga","status":"publish","type":"post","link":"https:\/\/www.europesays.com\/se\/136056\/","title":{"rendered":"Person d\u00f6d efter trafikolycka i Glasberga"},"content":{"rendered":"<p>Vid Glasberga i S\u00f6dert\u00e4lje frontalkrockade en personbil med en lastbil, detta vid strax f\u00f6re 15-tiden p\u00e5 onsdagen. id klockan 14. Tv\u00e5 personer skadades och en tredje chockades sv\u00e5rt. <\/p>\n<p>Minst en av de drabbade fick \u00e5ka akut till sjukhuset med allvarliga skador, ber\u00e4ttar r\u00e4ddningstj\u00e4nsten.<\/p>\n<p>\u2013 Vi och sjukv\u00e5rden har varit p\u00e5 plats med m\u00e5nga resurser, ber\u00e4ttade Per Tillander, vakthavande bef\u00e4l vid S\u00f6dert\u00f6rns Brandf\u00f6rsvarsf\u00f6rbund strax efter klockan 16.<\/p>\n<p>Senare under kv\u00e4llen meddelar polisen att personen som var allvarligt skadad har avlidit till f\u00f6ljd av olyckan. Anh\u00f6riga \u00e4r underr\u00e4ttade. <\/p>\n<p>Polisen utreder h\u00e4ndelsen som grov v\u00e5rdsl\u00f6shet i trafik och grovt v\u00e5llande till annans d\u00f6d. <\/p>\n<p>Ett par timmar senare kom beskedet fr\u00e5n polisen att en person avlidit till f\u00f6ljd av olyckan och att anh\u00f6riga underr\u00e4ttats. \u00c4rendet \u00e4r rubricerat som grov v\u00e5rdsl\u00f6shet i trafik och grovt v\u00e5llande till annans d\u00f6d.<\/p>\n","protected":false},"excerpt":{"rendered":"Vid Glasberga i S\u00f6dert\u00e4lje frontalkrockade en personbil med en lastbil, detta vid strax f\u00f6re 15-tiden p\u00e5 onsdagen. id&hellip;\n","protected":false},"author":2,"featured_media":793,"comment_status":"","ping_status":"","sticky":false,"template":"","format":"standard","meta":{"footnotes":""},"categories":[5],"tags":[22,23,26,27,17,21,24,25,28,29,15,16,18,34,31,33,32,30,19,20],"class_list":{"0":"post-136056","1":"post","2":"type-post","3":"status-publish","4":"format-standard","5":"has-post-thumbnail","7":"category-rubriker","8":"tag-breaking-news","9":"tag-breakingnews","10":"tag-featured-news","11":"tag-featurednews","12":"tag-headlines","13":"tag-huvudnyheter","14":"tag-latest-news","15":"tag-latestnews","16":"tag-main-news","17":"tag-mainnews","18":"tag-news","19":"tag-nyheter","20":"tag-rubriker","21":"tag-se","22":"tag-svenska","23":"tag-sverige","24":"tag-sweden","25":"tag-swedish","26":"tag-top-stories","27":"tag-topstories"},"share_on_mastodon":{"url":"https:\/\/pubeurope.com\/@se\/115894875737592005","error":""},"_links":{"self":[{"href":"https:\/\/www.europesays.com\/se\/wp-json\/wp\/v2\/posts\/136056","targetHints":{"allow":["GET"]}}],"collection":[{"href":"https:\/\/www.europesays.com\/se\/wp-json\/wp\/v2\/posts"}],"about":[{"href":"https:\/\/www.europesays.com\/se\/wp-json\/wp\/v2\/types\/post"}],"author":[{"embeddable":true,"href":"https:\/\/www.europesays.com\/se\/wp-json\/wp\/v2\/users\/2"}],"replies":[{"embeddable":true,"href":"https:\/\/www.europesays.com\/se\/wp-json\/wp\/v2\/comments?post=136056"}],"version-history":[{"count":0,"href":"https:\/\/www.europesays.com\/se\/wp-json\/wp\/v2\/posts\/136056\/revisions"}],"wp:featuredmedia":[{"embeddable":true,"href":"https:\/\/www.europesays.com\/se\/wp-json\/wp\/v2\/media\/793"}],"wp:attachment":[{"href":"https:\/\/www.europesays.com\/se\/wp-json\/wp\/v2\/media?parent=136056"}],"wp:term":[{"taxonomy":"category","embeddable":true,"href":"https:\/\/www.europesays.com\/se\/wp-json\/wp\/v2\/categories?post=136056"},{"taxonomy":"post_tag","embeddable":true,"href":"https:\/\/www.europesays.com\/se\/wp-json\/wp\/v2\/tags?post=136056"}],"curies":[{"name":"wp","href":"https:\/\/api.w.org\/{rel}","templated":true}]}}