{"id":136059,"date":"2026-01-14T18:34:27","date_gmt":"2026-01-14T18:34:27","guid":{"rendered":"https:\/\/www.europesays.com\/se\/136059\/"},"modified":"2026-01-14T18:34:27","modified_gmt":"2026-01-14T18:34:27","slug":"abg-hojer-riktkursen-till-310-kr-300-upprepar-salj-ny","status":"publish","type":"post","link":"https:\/\/www.europesays.com\/se\/136059\/","title":{"rendered":"ABG H\u00d6JER RIKTKURSEN TILL 310 KR (300), UPPREPAR S\u00c4LJ (NY)"},"content":{"rendered":"<p class=\"font-sans text-base text-text-main dark:text-text-main-dark font-normal leading-[1.4]\">(Till\u00e4gg: fr\u00e5n stycke tre)<\/p>\n<p class=\"font-sans text-base text-text-main dark:text-text-main-dark font-normal leading-[1.4]\">STOCKHOLM (Nyhetsbyr\u00e5n Direkt) ABG Sundal Collier h\u00f6jer riktkursen f\u00f6r Saab till 310 fr\u00e5n 300 kronor. Rekommendationen s\u00e4lj upprepas.<\/p>\n<p class=\"font-sans text-base text-text-main dark:text-text-main-dark font-normal leading-[1.4]\">Det framg\u00e5r av en analys.<\/p>\n<p class=\"font-sans text-base text-text-main dark:text-text-main-dark font-normal leading-[1.4]\">ABG tror att uppdaterad guidning p\u00e5 medell\u00e5ng sikt sannolikt kommer att vara i fokus p\u00e5 rapportdagen den 5 februari efter den senaste tidens kursrusning f\u00f6r Saab-aktien.<\/p>\n<p class=\"font-sans text-base text-text-main dark:text-text-main-dark font-normal leading-[1.4]\">\u201dVi gissar att tidsramen kommer att skiftas fr\u00e5n 2023\u20132027 till 2026\u20132030, och att f\u00f6retaget kommer att guida f\u00f6r en \u00e5rlig genomsnittlig tillv\u00e4xttakt (CAGR) f\u00f6r f\u00f6rs\u00e4ljningen p\u00e5 10\u201315 procent (vi r\u00e4knar med 13 procent) och en kassaomvandling p\u00e5 &gt;70 procent (vi r\u00e4knar med 72 procent), samtidigt som marginalm\u00e5len bibeh\u00e5lls\u201d, skriver analyshuset.<\/p>\n<p class=\"font-sans text-base text-text-main dark:text-text-main-dark font-normal leading-[1.4]\">F\u00f6r det fj\u00e4rde kvartalet prognostiserar ABG en total ordering\u00e5ng p\u00e5 107 miljarder kronor och en f\u00f6rs\u00e4ljning p\u00e5 27,3 miljarder kronor, vilket motsvarar en organisk tillv\u00e4xt p\u00e5 31 procent, vilket inneb\u00e4r att Saab kommer att n\u00e5 den \u00f6vre delen av sin guidning f\u00f6r hel\u00e5ret p\u00e5 20\u201324 procent.<\/p>\n<p class=\"font-sans text-base text-text-main dark:text-text-main-dark font-normal leading-[1.4]\">F\u00f6r \u00e5r 2030 f\u00f6rv\u00e4ntar sig analyshuset att Saab kommer n\u00e5 en f\u00f6rs\u00e4ljning p\u00e5 148 miljarder kronor, en ebit-marginal p\u00e5 11 procent och en vinst per aktie p\u00e5 23 kronor.<\/p>\n<p class=\"font-sans text-base text-text-main dark:text-text-main-dark font-normal leading-[1.4]\">\u201dVid den tidpunkten f\u00f6rv\u00e4ntar vi oss att vinsttillv\u00e4xten \u00e5terg\u00e5r till niv\u00e5er i linje med BNP. Odiskonterat inneb\u00e4r detta ett P\/E-tal p\u00e5 31x. Diskonterat med 10 procent stiger detta till 45x, det vill s\u00e4ga en premie p\u00e5 cirka 125 procent j\u00e4mf\u00f6rt med Saabs medianv\u00e4rdering f\u00f6re kriget p\u00e5 20x \u2013 en niv\u00e5 som vi anser att bolaget b\u00f6r \u00e5terg\u00e5 till efter att den nuvarande tillv\u00e4xtfasen avslutats. Vi upprepar d\u00e4rf\u00f6r s\u00e4lj\u201d, heter det.<\/p>\n<p class=\"font-sans text-base text-text-main dark:text-text-main-dark font-normal leading-[1.4]\">Saab-aktien st\u00e4ngde p\u00e5 704:10 kronor p\u00e5 tisdagen. Sedan \u00e5rsskiftet har aktien stigit 31 procent till 704 kronor i det geopolitiskt oroliga klimatet.<\/p>\n<p class=\"font-sans text-base text-text-main dark:text-text-main-dark font-normal leading-[1.4]\">Emanuel Furuholm +46 8 5191 7925<\/p>\n<p class=\"font-sans text-base text-text-main dark:text-text-main-dark font-normal leading-[1.4]\">Nyhetsbyr\u00e5n Direkt<\/p>\n","protected":false},"excerpt":{"rendered":"(Till\u00e4gg: fr\u00e5n stycke tre) STOCKHOLM (Nyhetsbyr\u00e5n Direkt) ABG Sundal Collier h\u00f6jer riktkursen f\u00f6r Saab till 310 fr\u00e5n 300&hellip;\n","protected":false},"author":2,"featured_media":119816,"comment_status":"","ping_status":"","sticky":false,"template":"","format":"standard","meta":{"footnotes":""},"categories":[65],"tags":[72,70,71,34,31,33,32,30],"class_list":{"0":"post-136059","1":"post","2":"type-post","3":"status-publish","4":"format-standard","5":"has-post-thumbnail","7":"category-ekonomi","8":"tag-business","9":"tag-economy","10":"tag-ekonomi","11":"tag-se","12":"tag-svenska","13":"tag-sverige","14":"tag-sweden","15":"tag-swedish"},"share_on_mastodon":{"url":"https:\/\/pubeurope.com\/@se\/115894895450428372","error":""},"_links":{"self":[{"href":"https:\/\/www.europesays.com\/se\/wp-json\/wp\/v2\/posts\/136059","targetHints":{"allow":["GET"]}}],"collection":[{"href":"https:\/\/www.europesays.com\/se\/wp-json\/wp\/v2\/posts"}],"about":[{"href":"https:\/\/www.europesays.com\/se\/wp-json\/wp\/v2\/types\/post"}],"author":[{"embeddable":true,"href":"https:\/\/www.europesays.com\/se\/wp-json\/wp\/v2\/users\/2"}],"replies":[{"embeddable":true,"href":"https:\/\/www.europesays.com\/se\/wp-json\/wp\/v2\/comments?post=136059"}],"version-history":[{"count":0,"href":"https:\/\/www.europesays.com\/se\/wp-json\/wp\/v2\/posts\/136059\/revisions"}],"wp:featuredmedia":[{"embeddable":true,"href":"https:\/\/www.europesays.com\/se\/wp-json\/wp\/v2\/media\/119816"}],"wp:attachment":[{"href":"https:\/\/www.europesays.com\/se\/wp-json\/wp\/v2\/media?parent=136059"}],"wp:term":[{"taxonomy":"category","embeddable":true,"href":"https:\/\/www.europesays.com\/se\/wp-json\/wp\/v2\/categories?post=136059"},{"taxonomy":"post_tag","embeddable":true,"href":"https:\/\/www.europesays.com\/se\/wp-json\/wp\/v2\/tags?post=136059"}],"curies":[{"name":"wp","href":"https:\/\/api.w.org\/{rel}","templated":true}]}}