{"id":13606,"date":"2025-08-25T21:51:11","date_gmt":"2025-08-25T21:51:11","guid":{"rendered":"https:\/\/www.europesays.com\/se\/13606\/"},"modified":"2025-08-25T21:51:11","modified_gmt":"2025-08-25T21:51:11","slug":"mjallby-gor-tidigt-guldryck-slog-formstarkt-gais-borta","status":"publish","type":"post","link":"https:\/\/www.europesays.com\/se\/13606\/","title":{"rendered":"Mj\u00e4llby g\u00f6r tidigt guldryck \u2013 slog formstarkt Gais borta"},"content":{"rendered":"<p>Mj\u00e4llby \u00e5ngar p\u00e5 mot ett sensationellt herrallsvenskt guld. Nio omg\u00e5ngar \u00e5terst\u00e5r av s\u00e4songen men Blekingelaget tog en imponerande bortaseger mot Gais med 2\u20130 och leder serien med \u00e5tta po\u00e4ng, efter toppkonkurrenten Hammarbys f\u00f6rlust i helgen. <\/p>\n<p>Abdoulie Manneh satte ledningsm\u00e5let efter dryga timmen, framspelad av Herman Johansson, innan Johansson sj\u00e4lv nickade in 2\u20130 p\u00e5 h\u00f6rna i matchens slutskede. <\/p>\n<p>\u2013 Det h\u00e4r skickar signaler att det h\u00e4r blir tufft f\u00f6r de andra, s\u00e4ger Herman Johansson i HBO Max-s\u00e4ndningen. <\/p>\n<p>Omni \u00e4r politiskt obundna och oberoende. Vi str\u00e4var efter att ge fler perspektiv p\u00e5 nyheterna. Har du fr\u00e5gor eller synpunkter kring v\u00e5r rapportering? <a href=\"https:\/\/omni.se\/mjallby-gor-tidigt-guldryck-slog-formstarkt-gais-borta\/a\/mailto:redaktion@omni.se\" class=\"ArticleActions_contactLink__W2F1M\" rel=\"nofollow noopener\" target=\"_blank\">Kontakta redaktionen<\/a><\/p>\n","protected":false},"excerpt":{"rendered":"Mj\u00e4llby \u00e5ngar p\u00e5 mot ett sensationellt herrallsvenskt guld. Nio omg\u00e5ngar \u00e5terst\u00e5r av s\u00e4songen men Blekingelaget tog en imponerande&hellip;\n","protected":false},"author":2,"featured_media":13607,"comment_status":"","ping_status":"","sticky":false,"template":"","format":"standard","meta":{"footnotes":""},"categories":[5],"tags":[22,23,26,27,17,21,24,25,28,29,469,15,16,18,34,31,33,32,30,19,20],"class_list":{"0":"post-13606","1":"post","2":"type-post","3":"status-publish","4":"format-standard","5":"has-post-thumbnail","7":"category-rubriker","8":"tag-breaking-news","9":"tag-breakingnews","10":"tag-featured-news","11":"tag-featurednews","12":"tag-headlines","13":"tag-huvudnyheter","14":"tag-latest-news","15":"tag-latestnews","16":"tag-main-news","17":"tag-mainnews","18":"tag-mjallby-aif","19":"tag-news","20":"tag-nyheter","21":"tag-rubriker","22":"tag-se","23":"tag-svenska","24":"tag-sverige","25":"tag-sweden","26":"tag-swedish","27":"tag-top-stories","28":"tag-topstories"},"share_on_mastodon":{"url":"","error":""},"_links":{"self":[{"href":"https:\/\/www.europesays.com\/se\/wp-json\/wp\/v2\/posts\/13606","targetHints":{"allow":["GET"]}}],"collection":[{"href":"https:\/\/www.europesays.com\/se\/wp-json\/wp\/v2\/posts"}],"about":[{"href":"https:\/\/www.europesays.com\/se\/wp-json\/wp\/v2\/types\/post"}],"author":[{"embeddable":true,"href":"https:\/\/www.europesays.com\/se\/wp-json\/wp\/v2\/users\/2"}],"replies":[{"embeddable":true,"href":"https:\/\/www.europesays.com\/se\/wp-json\/wp\/v2\/comments?post=13606"}],"version-history":[{"count":0,"href":"https:\/\/www.europesays.com\/se\/wp-json\/wp\/v2\/posts\/13606\/revisions"}],"wp:featuredmedia":[{"embeddable":true,"href":"https:\/\/www.europesays.com\/se\/wp-json\/wp\/v2\/media\/13607"}],"wp:attachment":[{"href":"https:\/\/www.europesays.com\/se\/wp-json\/wp\/v2\/media?parent=13606"}],"wp:term":[{"taxonomy":"category","embeddable":true,"href":"https:\/\/www.europesays.com\/se\/wp-json\/wp\/v2\/categories?post=13606"},{"taxonomy":"post_tag","embeddable":true,"href":"https:\/\/www.europesays.com\/se\/wp-json\/wp\/v2\/tags?post=13606"}],"curies":[{"name":"wp","href":"https:\/\/api.w.org\/{rel}","templated":true}]}}