{"id":136060,"date":"2026-01-14T18:38:57","date_gmt":"2026-01-14T18:38:57","guid":{"rendered":"https:\/\/www.europesays.com\/se\/136060\/"},"modified":"2026-01-14T18:38:57","modified_gmt":"2026-01-14T18:38:57","slug":"varit-med-om-att-snabbtester-varit-fel","status":"publish","type":"post","link":"https:\/\/www.europesays.com\/se\/136060\/","title":{"rendered":"\u201dVarit med om att snabbtester varit fel\u201d"},"content":{"rendered":"<p>F\u00f6runders\u00f6kningen mot riksdagsledamoten Katja Nyberg (SD) st\u00e5r still \u2013 i v\u00e4ntan p\u00e5 samtliga testresultat.<\/p>\n<p>\u00c5klagaren Anders Jakobsson betonar att polisens snabbtester kan visa fel.<\/p>\n<p>\u2013 Jag har varit med om att snabbtester ger indikation p\u00e5 n\u00e5got som sen visar sig vara helt felaktigt, s\u00e4ger han.<\/p>\n<p>Provsvaren kan bli avg\u00f6rande f\u00f6r eventuella \u00e5tg\u00e4rder fr\u00e5n partiet, enligt SD-ledaren Jimmie \u00c5kesson.<\/p>\n","protected":false},"excerpt":{"rendered":"F\u00f6runders\u00f6kningen mot riksdagsledamoten Katja Nyberg (SD) st\u00e5r still \u2013 i v\u00e4ntan p\u00e5 samtliga testresultat. \u00c5klagaren Anders Jakobsson betonar&hellip;\n","protected":false},"author":2,"featured_media":136061,"comment_status":"","ping_status":"","sticky":false,"template":"","format":"standard","meta":{"footnotes":""},"categories":[5],"tags":[22,23,26,27,17,21,24,25,28,29,15,16,18,34,31,33,32,30,19,20],"class_list":{"0":"post-136060","1":"post","2":"type-post","3":"status-publish","4":"format-standard","5":"has-post-thumbnail","7":"category-rubriker","8":"tag-breaking-news","9":"tag-breakingnews","10":"tag-featured-news","11":"tag-featurednews","12":"tag-headlines","13":"tag-huvudnyheter","14":"tag-latest-news","15":"tag-latestnews","16":"tag-main-news","17":"tag-mainnews","18":"tag-news","19":"tag-nyheter","20":"tag-rubriker","21":"tag-se","22":"tag-svenska","23":"tag-sverige","24":"tag-sweden","25":"tag-swedish","26":"tag-top-stories","27":"tag-topstories"},"share_on_mastodon":{"url":"https:\/\/pubeurope.com\/@se\/115894915086787765","error":""},"_links":{"self":[{"href":"https:\/\/www.europesays.com\/se\/wp-json\/wp\/v2\/posts\/136060","targetHints":{"allow":["GET"]}}],"collection":[{"href":"https:\/\/www.europesays.com\/se\/wp-json\/wp\/v2\/posts"}],"about":[{"href":"https:\/\/www.europesays.com\/se\/wp-json\/wp\/v2\/types\/post"}],"author":[{"embeddable":true,"href":"https:\/\/www.europesays.com\/se\/wp-json\/wp\/v2\/users\/2"}],"replies":[{"embeddable":true,"href":"https:\/\/www.europesays.com\/se\/wp-json\/wp\/v2\/comments?post=136060"}],"version-history":[{"count":0,"href":"https:\/\/www.europesays.com\/se\/wp-json\/wp\/v2\/posts\/136060\/revisions"}],"wp:featuredmedia":[{"embeddable":true,"href":"https:\/\/www.europesays.com\/se\/wp-json\/wp\/v2\/media\/136061"}],"wp:attachment":[{"href":"https:\/\/www.europesays.com\/se\/wp-json\/wp\/v2\/media?parent=136060"}],"wp:term":[{"taxonomy":"category","embeddable":true,"href":"https:\/\/www.europesays.com\/se\/wp-json\/wp\/v2\/categories?post=136060"},{"taxonomy":"post_tag","embeddable":true,"href":"https:\/\/www.europesays.com\/se\/wp-json\/wp\/v2\/tags?post=136060"}],"curies":[{"name":"wp","href":"https:\/\/api.w.org\/{rel}","templated":true}]}}