{"id":136066,"date":"2026-01-14T18:44:28","date_gmt":"2026-01-14T18:44:28","guid":{"rendered":"https:\/\/www.europesays.com\/se\/136066\/"},"modified":"2026-01-14T18:44:28","modified_gmt":"2026-01-14T18:44:28","slug":"mark-och-miljodomstolen-ger-vatmarken-gront-ljus","status":"publish","type":"post","link":"https:\/\/www.europesays.com\/se\/136066\/","title":{"rendered":"Mark- och milj\u00f6domstolen ger v\u00e5tmarken gr\u00f6nt ljus"},"content":{"rendered":"<p class=\"normal\">Mark- och milj\u00f6domstolen meddelade 8 januari att de avsl\u00e5r \u00f6verklagandenasom inkommit g\u00e4llande den planerade v\u00e5tmarken p\u00e5 R\u00f6nnby. Domstolen har g\u00e5tt igenom handlingarna i l\u00e4nsstyrelsens akt. Efter denna genomg\u00e5ng bed\u00f6mer domstolen att beslutsunderlaget har varit tillr\u00e4ckligt och att handl\u00e4ggningen \u00e4ven i \u00f6vrigt har varit korrekt. Domstolen delar ocks\u00e5 de bed\u00f6mningar som l\u00e4nsstyrelsen gjort i de olika sakfr\u00e5gorna.<\/p>\n<p class=\"normal\">Sammantaget konstaterar domstolen i likhet med l\u00e4nsstyrelsen att den aktuella verksamheten har kunnat till\u00e5tas inom ramen f\u00f6r ett anm\u00e4lningsf\u00f6rfarande. Vad som anf\u00f6rts i \u00f6verklagandena till domstolen f\u00f6ranleder inte n\u00e5gon annan bed\u00f6mning. De f\u00f6rsiktighetsm\u00e5tt som l\u00e4nsstyrelsen f\u00f6reskrivit \u00e4r l\u00e4mpliga, \u00e4ndam\u00e5lsenliga och tillr\u00e4ckliga. Det saknas allts\u00e5 sk\u00e4l att f\u00f6rbjuda den aktuella verksamheten eller att f\u00f6reskriva ytterligare f\u00f6rsiktighetsm\u00e5tt. \u00d6verklagandena ska avsl\u00e5s.<\/p>\n<p>Vid \u00f6verklagan av detta beslut<\/p>\n<ul class=\" env-text-list normal\">\n<li>\u00d6verklagande ska skickas till mark- och milj\u00f6domstolen senast den 29 januari 2026.<\/li>\n<li>Pr\u00f6vningstillst\u00e5nd kr\u00e4vs.<\/li>\n<li>Hos domstolen heter \u00e4rendet M\u00e5l nr 6743-25.<\/li>\n<\/ul>\n<p class=\"normal\"><strong>Bra att veta om pr\u00f6vningstillst\u00e5nd: <\/strong>Mark- och milj\u00f6\u00f6verdomstolen pr\u00f6var inte alla \u00f6verklaganden. Domstolen g\u00f6r f\u00f6rst en bed\u00f6mning av om det finns sk\u00e4l att ta upp m\u00e5let igen, vilken kallas pr\u00f6vningstillst\u00e5nd. Om du vill \u00f6verklaga beh\u00f6ver du tydligt f\u00f6rklara varf\u00f6r pr\u00f6vningstillst\u00e5nd b\u00f6r ges, ut\u00f6ver motiveringen varf\u00f6r du anser att sj\u00e4lva beslutet \u00e4r fel.<\/p>\n<p class=\"normal\">Mark- och milj\u00f6\u00f6verdomstolen beskriver att de f\u00e5r in cirka 2 600 m\u00e5l per \u00e5r. Av dessa \u00e4r det cirka 2 400 m\u00e5l som kr\u00e4ver pr\u00f6vningstillst\u00e5nd, varav ungef\u00e4r 20 procent f\u00e5r det.<\/p>\n","protected":false},"excerpt":{"rendered":"Mark- och milj\u00f6domstolen meddelade 8 januari att de avsl\u00e5r \u00f6verklagandenasom inkommit g\u00e4llande den planerade v\u00e5tmarken p\u00e5 R\u00f6nnby. Domstolen&hellip;\n","protected":false},"author":2,"featured_media":136067,"comment_status":"","ping_status":"","sticky":false,"template":"","format":"standard","meta":{"footnotes":""},"categories":[65],"tags":[72,70,71,34,31,33,32,30],"class_list":{"0":"post-136066","1":"post","2":"type-post","3":"status-publish","4":"format-standard","5":"has-post-thumbnail","7":"category-ekonomi","8":"tag-business","9":"tag-economy","10":"tag-ekonomi","11":"tag-se","12":"tag-svenska","13":"tag-sverige","14":"tag-sweden","15":"tag-swedish"},"share_on_mastodon":{"url":"https:\/\/pubeurope.com\/@se\/115894934778905495","error":""},"_links":{"self":[{"href":"https:\/\/www.europesays.com\/se\/wp-json\/wp\/v2\/posts\/136066","targetHints":{"allow":["GET"]}}],"collection":[{"href":"https:\/\/www.europesays.com\/se\/wp-json\/wp\/v2\/posts"}],"about":[{"href":"https:\/\/www.europesays.com\/se\/wp-json\/wp\/v2\/types\/post"}],"author":[{"embeddable":true,"href":"https:\/\/www.europesays.com\/se\/wp-json\/wp\/v2\/users\/2"}],"replies":[{"embeddable":true,"href":"https:\/\/www.europesays.com\/se\/wp-json\/wp\/v2\/comments?post=136066"}],"version-history":[{"count":0,"href":"https:\/\/www.europesays.com\/se\/wp-json\/wp\/v2\/posts\/136066\/revisions"}],"wp:featuredmedia":[{"embeddable":true,"href":"https:\/\/www.europesays.com\/se\/wp-json\/wp\/v2\/media\/136067"}],"wp:attachment":[{"href":"https:\/\/www.europesays.com\/se\/wp-json\/wp\/v2\/media?parent=136066"}],"wp:term":[{"taxonomy":"category","embeddable":true,"href":"https:\/\/www.europesays.com\/se\/wp-json\/wp\/v2\/categories?post=136066"},{"taxonomy":"post_tag","embeddable":true,"href":"https:\/\/www.europesays.com\/se\/wp-json\/wp\/v2\/tags?post=136066"}],"curies":[{"name":"wp","href":"https:\/\/api.w.org\/{rel}","templated":true}]}}