{"id":136073,"date":"2026-01-14T18:52:13","date_gmt":"2026-01-14T18:52:13","guid":{"rendered":"https:\/\/www.europesays.com\/se\/136073\/"},"modified":"2026-01-14T18:52:13","modified_gmt":"2026-01-14T18:52:13","slug":"farre-dor-pa-vagarna-men-takten-racker-inte","status":"publish","type":"post","link":"https:\/\/www.europesays.com\/se\/136073\/","title":{"rendered":"F\u00e4rre d\u00f6r p\u00e5 v\u00e4garna \u2013 men takten r\u00e4cker inte"},"content":{"rendered":"<p><strong>Antal d\u00f6da i v\u00e4gtrafiken forts\u00e4tter att minska. Under 2025 omkom 208 personer i v\u00e4gtrafiken. Det \u00e4r det n\u00e4st l\u00e4gsta antalet som uppm\u00e4tts, enligt Transportstyrelsens prelimin\u00e4ra statistik.<\/strong><\/p>\n<p>Under 2025 har resandet med personbil och tung trafik \u00f6kat relativt mycket, upp med n\u00e4stan 3 procent j\u00e4mf\u00f6rt med \u00e5ret innan*, \u00e4nd\u00e5 ser antalet d\u00f6dsolyckor ut att minska:<\/p>\n<p>\u2013 Samtidigt som v\u00e4gtrafiken \u00f6kat ser antalet omkomna i trafiken nu ut att vara p\u00e5 lika l\u00e5ga niv\u00e5er som under coronapandemin, d\u00e5 resandet gick ner kraftigt. Det \u00e4r en historiskt l\u00e5g siffra, s\u00e4ger Jonas Bjelfvenstam, Transportstyrelsens generaldirekt\u00f6r.<\/p>\n<p><strong>F\u00e4rre oskyddade trafikanter omkom<\/strong><\/p>\n<p>208 personer omkom i 196 olyckor under 2025. Av de omkomna var det 123 skyddade trafikanter, 103 av dem hade f\u00e4rdats i personbil, \u00f6vriga i lastbil, buss eller traktor. Antalet omkomna skyddade trafikanter har \u00f6kat n\u00e5got j\u00e4mf\u00f6rt med \u00e5ret innan, men sett ur ett l\u00e4ngre perspektiv \u00e4r antalet omkomna skyddade trafikanter mycket l\u00e5gt.<\/p>\n<p>Nedg\u00e5ngen av omkomna i trafiken har i st\u00e4llet m\u00e4rkts bland oskyddade trafikanter, fr\u00e4mst cykel och MC.<\/p>\n<p>F\u00f6r oskyddade trafikanter g\u00e4ller f\u00f6ljande:<\/p>\n<ul>\n<li><strong>MC:<\/strong> 28 omkomna, vilket \u00e4r en nedg\u00e5ng j\u00e4mf\u00f6rt med \u00e5ret innan d\u00e5 34 personer omkom p\u00e5 MC. F\u00f6r MC \u00e4r singelolyckor vanligast vid d\u00f6dsolyckor.<\/li>\n<li><strong>Moped:<\/strong> 5 omkomna, vilket \u00e4r n\u00e5got fler \u00e4n tidigare \u00e5r.<\/li>\n<li><strong>Cykel:<\/strong> 24 omkomna. Totalt en minskning j\u00e4mf\u00f6rt med tidigare \u00e5r, minskningen \u00e4r tydligast bland vanlig cykel och elcykel. F\u00f6r elsparkcykel har 5 personer omkommit j\u00e4mf\u00f6rt med 4 \u00e5ret innan.<\/li>\n<li><strong>Fotg\u00e4ngare: <\/strong>26 omkomna, vilket \u00e4r lika med snittet f\u00f6r de senaste tre \u00e5ren.<\/li>\n<\/ul>\n<p>Av de omkomna var 61 kvinnor och 147 m\u00e4n. 9 var under 18 \u00e5r och 80 var 65 \u00e5r eller \u00e4ldre, f\u00f6r b\u00e5da dessa grupper \u00e4r det en nedg\u00e5ng j\u00e4mf\u00f6rt med tidigare \u00e5r. En \u00e5ldersgrupp som har \u00f6kat \u00e4r 20-24-\u00e5ringarna, 17 omkom vilket \u00e4r 7 fler j\u00e4mf\u00f6rt med tidigare tre\u00e5rsmedelv\u00e4rde.<\/p>\n<p>Under mars omkom endast 1 person i v\u00e4gtrafiken vilket \u00e4r det l\u00e4gsta som uppm\u00e4tts en enskild m\u00e5nad.<\/p>\n<p>\n<img decoding=\"async\" data-entity-type=\"file\" data-entity-uuid=\"436badbe-6dbd-41ec-bd8f-7a4ff8afb445\" height=\"374\" loading=\"lazy\" src=\"https:\/\/www.europesays.com\/se\/wp-content\/uploads\/2026\/01\/omkomna_i_trafiken_2025.png\" width=\"576\"\/><br \/>\nAntalet d\u00f6da i v\u00e4gtrafiken minskar, det visar Transportstyrelsens prelimin\u00e4ra statistik. Grafik: Transportstyrelsen<\/p>\n<p><strong>P\u00e5 v\u00e4g mot Nollvisionen<\/strong><\/p>\n<p>2020 antog regeringen nya etappm\u00e5l f\u00f6r Sveriges trafiks\u00e4kerhetsarbete \u2013 Nollvisionen. Det inneb\u00e4r en halvering av antalet omkomna och en 25-procentig minskning av antalet allvarligt skadade till \u00e5r 2030. I reella tal \u00e4r m\u00e5let max 133 omkomna i v\u00e4gtrafiken \u00e5r 2030.<\/p>\n<p>\u2013 Att antalet omkomna i trafiken minskar \u00e4r en mycket viktig signal \u2013 men tyv\u00e4rr \u00e4r minskningen inte tillr\u00e4cklig f\u00f6r att ligga i fas med nollvisionens m\u00e5l. Tillsammans med ber\u00f6rda myndigheter, organisationer och f\u00f6retag m\u00e5ste vi forts\u00e4tta det viktiga trafiks\u00e4kerhetsarbetet. Men vi m\u00e5ste ocks\u00e5 alla ta v\u00e5rt individuella ansvar f\u00f6r att beteenden i trafiken ska f\u00f6r\u00e4ndras, s\u00e4ger Jonas Bjelfvenstam.<\/p>\n<p>K\u00e4lla: Transportstyrelsen<\/p>\n","protected":false},"excerpt":{"rendered":"Antal d\u00f6da i v\u00e4gtrafiken forts\u00e4tter att minska. Under 2025 omkom 208 personer i v\u00e4gtrafiken. Det \u00e4r det n\u00e4st&hellip;\n","protected":false},"author":2,"featured_media":136074,"comment_status":"","ping_status":"","sticky":false,"template":"","format":"standard","meta":{"footnotes":""},"categories":[65],"tags":[72,70,71,34,31,33,32,30],"class_list":{"0":"post-136073","1":"post","2":"type-post","3":"status-publish","4":"format-standard","5":"has-post-thumbnail","7":"category-ekonomi","8":"tag-business","9":"tag-economy","10":"tag-ekonomi","11":"tag-se","12":"tag-svenska","13":"tag-sverige","14":"tag-sweden","15":"tag-swedish"},"share_on_mastodon":{"url":"https:\/\/pubeurope.com\/@se\/115894966176492632","error":""},"_links":{"self":[{"href":"https:\/\/www.europesays.com\/se\/wp-json\/wp\/v2\/posts\/136073","targetHints":{"allow":["GET"]}}],"collection":[{"href":"https:\/\/www.europesays.com\/se\/wp-json\/wp\/v2\/posts"}],"about":[{"href":"https:\/\/www.europesays.com\/se\/wp-json\/wp\/v2\/types\/post"}],"author":[{"embeddable":true,"href":"https:\/\/www.europesays.com\/se\/wp-json\/wp\/v2\/users\/2"}],"replies":[{"embeddable":true,"href":"https:\/\/www.europesays.com\/se\/wp-json\/wp\/v2\/comments?post=136073"}],"version-history":[{"count":0,"href":"https:\/\/www.europesays.com\/se\/wp-json\/wp\/v2\/posts\/136073\/revisions"}],"wp:featuredmedia":[{"embeddable":true,"href":"https:\/\/www.europesays.com\/se\/wp-json\/wp\/v2\/media\/136074"}],"wp:attachment":[{"href":"https:\/\/www.europesays.com\/se\/wp-json\/wp\/v2\/media?parent=136073"}],"wp:term":[{"taxonomy":"category","embeddable":true,"href":"https:\/\/www.europesays.com\/se\/wp-json\/wp\/v2\/categories?post=136073"},{"taxonomy":"post_tag","embeddable":true,"href":"https:\/\/www.europesays.com\/se\/wp-json\/wp\/v2\/tags?post=136073"}],"curies":[{"name":"wp","href":"https:\/\/api.w.org\/{rel}","templated":true}]}}