{"id":136081,"date":"2026-01-14T19:02:06","date_gmt":"2026-01-14T19:02:06","guid":{"rendered":"https:\/\/www.europesays.com\/se\/136081\/"},"modified":"2026-01-14T19:02:06","modified_gmt":"2026-01-14T19:02:06","slug":"vad-ar-nasta-steg-for-trump-i-utrikespolitiken","status":"publish","type":"post","link":"https:\/\/www.europesays.com\/se\/136081\/","title":{"rendered":"Vad \u00e4r n\u00e4sta steg f\u00f6r Trump i utrikespolitiken?"},"content":{"rendered":"<p style=\"font-weight: 400;\">Podd  <strong>Efter USA:s attack i Venezuela undrar nu m\u00e5nga vad som \u00e4r n\u00e4sta steg n\u00e4r det g\u00e4ller Donald Trumps utrikespolitik. Vad kommer att h\u00e4nda med Gr\u00f6nland och hur n\u00e4ra \u00e4r vi en amerikansk attack mot Iran?\u00a0<\/strong><\/p>\n<p><strong>G\u00e4st:<\/strong> Jan Hallenberg, professor emeritus i statsvetenskap vid F\u00f6rsvarsh\u00f6gskolan<\/p>\n<p><strong>Programledare<\/strong>: Jon Andersson<\/p>\n<p>Ni kan <a href=\"https:\/\/soundcloud.com\/dagensarena\/magasinet-vad-hander-med-usas-utrikespolitik\" rel=\"nofollow noopener\" target=\"_blank\">lyssna p\u00e5 avsnittet h\u00e4r<\/a> eller p\u00e5 andra st\u00e4llen d\u00e4r poddar finns.<\/p>\n","protected":false},"excerpt":{"rendered":"Podd Efter USA:s attack i Venezuela undrar nu m\u00e5nga vad som \u00e4r n\u00e4sta steg n\u00e4r det g\u00e4ller Donald&hellip;\n","protected":false},"author":2,"featured_media":136082,"comment_status":"","ping_status":"","sticky":false,"template":"","format":"standard","meta":{"footnotes":""},"categories":[14],"tags":[22,23,26,27,17,21,24,25,28,29,15,16,18,34,31,33,32,30,19,20,51,52,53,54],"class_list":{"0":"post-136081","1":"post","2":"type-post","3":"status-publish","4":"format-standard","5":"has-post-thumbnail","7":"category-varlden","8":"tag-breaking-news","9":"tag-breakingnews","10":"tag-featured-news","11":"tag-featurednews","12":"tag-headlines","13":"tag-huvudnyheter","14":"tag-latest-news","15":"tag-latestnews","16":"tag-main-news","17":"tag-mainnews","18":"tag-news","19":"tag-nyheter","20":"tag-rubriker","21":"tag-se","22":"tag-svenska","23":"tag-sverige","24":"tag-sweden","25":"tag-swedish","26":"tag-top-stories","27":"tag-topstories","28":"tag-varlden","29":"tag-world","30":"tag-world-news","31":"tag-worldnews"},"share_on_mastodon":{"url":"https:\/\/pubeurope.com\/@se\/115895005601538717","error":""},"_links":{"self":[{"href":"https:\/\/www.europesays.com\/se\/wp-json\/wp\/v2\/posts\/136081","targetHints":{"allow":["GET"]}}],"collection":[{"href":"https:\/\/www.europesays.com\/se\/wp-json\/wp\/v2\/posts"}],"about":[{"href":"https:\/\/www.europesays.com\/se\/wp-json\/wp\/v2\/types\/post"}],"author":[{"embeddable":true,"href":"https:\/\/www.europesays.com\/se\/wp-json\/wp\/v2\/users\/2"}],"replies":[{"embeddable":true,"href":"https:\/\/www.europesays.com\/se\/wp-json\/wp\/v2\/comments?post=136081"}],"version-history":[{"count":0,"href":"https:\/\/www.europesays.com\/se\/wp-json\/wp\/v2\/posts\/136081\/revisions"}],"wp:featuredmedia":[{"embeddable":true,"href":"https:\/\/www.europesays.com\/se\/wp-json\/wp\/v2\/media\/136082"}],"wp:attachment":[{"href":"https:\/\/www.europesays.com\/se\/wp-json\/wp\/v2\/media?parent=136081"}],"wp:term":[{"taxonomy":"category","embeddable":true,"href":"https:\/\/www.europesays.com\/se\/wp-json\/wp\/v2\/categories?post=136081"},{"taxonomy":"post_tag","embeddable":true,"href":"https:\/\/www.europesays.com\/se\/wp-json\/wp\/v2\/tags?post=136081"}],"curies":[{"name":"wp","href":"https:\/\/api.w.org\/{rel}","templated":true}]}}