{"id":136088,"date":"2026-01-14T19:09:18","date_gmt":"2026-01-14T19:09:18","guid":{"rendered":"https:\/\/www.europesays.com\/se\/136088\/"},"modified":"2026-01-14T19:09:18","modified_gmt":"2026-01-14T19:09:18","slug":"hds-beslut-om-tullar-drojer-annu-en-gang","status":"publish","type":"post","link":"https:\/\/www.europesays.com\/se\/136088\/","title":{"rendered":"HD:s beslut om tullar dr\u00f6jer \u00e4nnu en g\u00e5ng"},"content":{"rendered":"<p>Av Karl-Magnus Lundvall, Omni Ekonomi, Nicholas Tsakonas, Omni Ekonomi<br \/>Publicerad 14 januari, 13:32<\/p>\n<p>H\u00f6gsta domstolen i USA kommer inte ge besked kring legaliteten av Donald Trumps tullar i\u202fdag. Enligt internationella medier hade HD m\u00f6jligheten att meddela ett beslut i\u202fdag och i fredags f\u00f6rra veckan. N\u00e4r beskedet ska komma f\u00f6rblir oklart. Reuters skriver att HD har \u00e4nda fram till juni p\u00e5 sig.<\/p>\n<p>Bed\u00f6mare \u00e4r oense om hur marknaden skulle reagera om tullarna ogiltigf\u00f6rklaras. Vissa menar att b\u00f6rsen kan stiga n\u00e4r bolagens vinster v\u00e4ntas \u00f6ka, medan andra varnar f\u00f6r att den os\u00e4kerhet som d\u00e5 uppst\u00e5r kan tynga marknaden.<\/p>\n<p>Det var i april f\u00f6rra \u00e5ret som Trump inf\u00f6rde tullar mot en l\u00e5ng rad l\u00e4nder, vilket pr\u00e4glat b\u00f6rs\u00e5ret 2025. <\/p>\n<p>Omni \u00e4r politiskt obundna och oberoende. Vi str\u00e4var efter att ge fler perspektiv p\u00e5 nyheterna. Har du fr\u00e5gor eller synpunkter kring v\u00e5r rapportering? <a href=\"https:\/\/omni.se\/varlden-vantar-spant-pa-besked-om-trump-tullar\/a\/mailto:redaktion@omni.se\" class=\"ArticleActions_contactLink__W2F1M\" rel=\"nofollow noopener\" target=\"_blank\">Kontakta redaktionen<\/a><\/p>\n","protected":false},"excerpt":{"rendered":"Av Karl-Magnus Lundvall, Omni Ekonomi, Nicholas Tsakonas, Omni EkonomiPublicerad 14 januari, 13:32 H\u00f6gsta domstolen i USA kommer inte&hellip;\n","protected":false},"author":2,"featured_media":136089,"comment_status":"","ping_status":"","sticky":false,"template":"","format":"standard","meta":{"footnotes":""},"categories":[65],"tags":[387,72,385,70,71,1108,1742,268,34,31,33,32,30,77,74],"class_list":{"0":"post-136088","1":"post","2":"type-post","3":"status-publish","4":"format-standard","5":"has-post-thumbnail","7":"category-ekonomi","8":"tag-amerikansk-politik","9":"tag-business","10":"tag-donald-trump","11":"tag-economy","12":"tag-ekonomi","13":"tag-internationell-handel","14":"tag-internationell-politik","15":"tag-nordamerika","16":"tag-se","17":"tag-svenska","18":"tag-sverige","19":"tag-sweden","20":"tag-swedish","21":"tag-tullkrisen","22":"tag-usa"},"share_on_mastodon":{"url":"https:\/\/pubeurope.com\/@se\/115895033100503213","error":""},"_links":{"self":[{"href":"https:\/\/www.europesays.com\/se\/wp-json\/wp\/v2\/posts\/136088","targetHints":{"allow":["GET"]}}],"collection":[{"href":"https:\/\/www.europesays.com\/se\/wp-json\/wp\/v2\/posts"}],"about":[{"href":"https:\/\/www.europesays.com\/se\/wp-json\/wp\/v2\/types\/post"}],"author":[{"embeddable":true,"href":"https:\/\/www.europesays.com\/se\/wp-json\/wp\/v2\/users\/2"}],"replies":[{"embeddable":true,"href":"https:\/\/www.europesays.com\/se\/wp-json\/wp\/v2\/comments?post=136088"}],"version-history":[{"count":0,"href":"https:\/\/www.europesays.com\/se\/wp-json\/wp\/v2\/posts\/136088\/revisions"}],"wp:featuredmedia":[{"embeddable":true,"href":"https:\/\/www.europesays.com\/se\/wp-json\/wp\/v2\/media\/136089"}],"wp:attachment":[{"href":"https:\/\/www.europesays.com\/se\/wp-json\/wp\/v2\/media?parent=136088"}],"wp:term":[{"taxonomy":"category","embeddable":true,"href":"https:\/\/www.europesays.com\/se\/wp-json\/wp\/v2\/categories?post=136088"},{"taxonomy":"post_tag","embeddable":true,"href":"https:\/\/www.europesays.com\/se\/wp-json\/wp\/v2\/tags?post=136088"}],"curies":[{"name":"wp","href":"https:\/\/api.w.org\/{rel}","templated":true}]}}