{"id":136090,"date":"2026-01-14T19:10:20","date_gmt":"2026-01-14T19:10:20","guid":{"rendered":"https:\/\/www.europesays.com\/se\/136090\/"},"modified":"2026-01-14T19:10:20","modified_gmt":"2026-01-14T19:10:20","slug":"journalists-hem-genomsokt-efter-pentagonlacka","status":"publish","type":"post","link":"https:\/\/www.europesays.com\/se\/136090\/","title":{"rendered":"Journalists hem genoms\u00f6kt efter Pentagonl\u00e4cka"},"content":{"rendered":"<p>share-arrowDela<\/p>\n<p>unsaveSpara<\/p>\n<p>expand-left<\/p>\n<p>helsk\u00e4rm<img decoding=\"async\" class=\"image-asset hyperion-css-u06ts1\" data-test-tag=\"image-asset\" src=\"https:\/\/www.europesays.com\/se\/wp-content\/uploads\/2026\/01\/165b4d8b-0fcf-42ba-9951-6a3dc3788c24.jpeg\"  alt=\"USA:s justitieminister Pam Bondi.\"  loading=\"eager\" fetchpriority=\"high\" style=\"aspect-ratio:1900 \/ 1266\"\/>USA:s justitieminister Pam Bondi. Foto: Jacquelyn Martin\/AP\/TT<\/p>\n<p class=\"hyperion-css-1shl3oz\" data-test-tag=\"lead-text\">USA:s federala polis FBI har genoms\u00f6kt en journalists hem i samband med en utredning av en l\u00e4cka fr\u00e5n f\u00f6rsvarsh\u00f6gkvarteret Pentagon, enligt justitieminister Pam Bondi.<\/p>\n<p class=\"hyperion-css-1v9qo5x\">Justitieministern motiverar genoms\u00f6kningen av bostaden med att journalisten \u201df\u00e5tt tag p\u00e5 och rapporterat om sekretessbelagd och olagligt l\u00e4ckt information fr\u00e5n en Pentagon-konsult\u201d och att husrannsakningsordern verkst\u00e4lldes efter en beg\u00e4ran fr\u00e5n f\u00f6rsvarsdepartementet.<\/p>\n<p class=\"hyperion-css-1v9qo5x\">Journalistens arbetsgivare The Washington Post uppger att journalisten i fr\u00e5ga heter Hannah Natanson, och att polisen beslagtog hennes arbetsdator, en privat dator, hennes telefon och en klocka fr\u00e5n hennes hem i delstaten Virginia utanf\u00f6r Washington.<\/p>\n<p class=\"hyperion-css-1v9qo5x\">Tidningen rapporterar att polisen utreder en konsult vid Pentagon med h\u00f6gsta s\u00e4kerhetsklassificering som anklagas f\u00f6r att ha tagit med sig underr\u00e4ttelsedokument hem.<\/p>\n<p class=\"hyperion-css-1v9qo5x\">I fjol begr\u00e4nsade amerikanska f\u00f6rsvarsdepartementet mediernas tillg\u00e5ng till Pentagon, tvingade vissa medier att l\u00e4mna sina kontor i byggnaden och minskade drastiskt p\u00e5 antalet presskonferenser.<\/p>\n","protected":false},"excerpt":{"rendered":"share-arrowDela unsaveSpara expand-left helsk\u00e4rmUSA:s justitieminister Pam Bondi. Foto: Jacquelyn Martin\/AP\/TT USA:s federala polis FBI har genoms\u00f6kt en journalists&hellip;\n","protected":false},"author":2,"featured_media":136091,"comment_status":"","ping_status":"","sticky":false,"template":"","format":"standard","meta":{"footnotes":""},"categories":[14],"tags":[22,23,26,27,17,21,24,25,28,29,15,16,18,34,31,33,32,30,19,20,51,52,53,54],"class_list":{"0":"post-136090","1":"post","2":"type-post","3":"status-publish","4":"format-standard","5":"has-post-thumbnail","7":"category-varlden","8":"tag-breaking-news","9":"tag-breakingnews","10":"tag-featured-news","11":"tag-featurednews","12":"tag-headlines","13":"tag-huvudnyheter","14":"tag-latest-news","15":"tag-latestnews","16":"tag-main-news","17":"tag-mainnews","18":"tag-news","19":"tag-nyheter","20":"tag-rubriker","21":"tag-se","22":"tag-svenska","23":"tag-sverige","24":"tag-sweden","25":"tag-swedish","26":"tag-top-stories","27":"tag-topstories","28":"tag-varlden","29":"tag-world","30":"tag-world-news","31":"tag-worldnews"},"share_on_mastodon":{"url":"https:\/\/pubeurope.com\/@se\/115895037039481690","error":""},"_links":{"self":[{"href":"https:\/\/www.europesays.com\/se\/wp-json\/wp\/v2\/posts\/136090","targetHints":{"allow":["GET"]}}],"collection":[{"href":"https:\/\/www.europesays.com\/se\/wp-json\/wp\/v2\/posts"}],"about":[{"href":"https:\/\/www.europesays.com\/se\/wp-json\/wp\/v2\/types\/post"}],"author":[{"embeddable":true,"href":"https:\/\/www.europesays.com\/se\/wp-json\/wp\/v2\/users\/2"}],"replies":[{"embeddable":true,"href":"https:\/\/www.europesays.com\/se\/wp-json\/wp\/v2\/comments?post=136090"}],"version-history":[{"count":0,"href":"https:\/\/www.europesays.com\/se\/wp-json\/wp\/v2\/posts\/136090\/revisions"}],"wp:featuredmedia":[{"embeddable":true,"href":"https:\/\/www.europesays.com\/se\/wp-json\/wp\/v2\/media\/136091"}],"wp:attachment":[{"href":"https:\/\/www.europesays.com\/se\/wp-json\/wp\/v2\/media?parent=136090"}],"wp:term":[{"taxonomy":"category","embeddable":true,"href":"https:\/\/www.europesays.com\/se\/wp-json\/wp\/v2\/categories?post=136090"},{"taxonomy":"post_tag","embeddable":true,"href":"https:\/\/www.europesays.com\/se\/wp-json\/wp\/v2\/tags?post=136090"}],"curies":[{"name":"wp","href":"https:\/\/api.w.org\/{rel}","templated":true}]}}