{"id":136092,"date":"2026-01-14T19:11:28","date_gmt":"2026-01-14T19:11:28","guid":{"rendered":"https:\/\/www.europesays.com\/se\/136092\/"},"modified":"2026-01-14T19:11:28","modified_gmt":"2026-01-14T19:11:28","slug":"misstankt-valdtakt-pa-gymnasium-i-skane-pojke-gripen","status":"publish","type":"post","link":"https:\/\/www.europesays.com\/se\/136092\/","title":{"rendered":"Misst\u00e4nkt v\u00e5ldt\u00e4kt p\u00e5 gymnasium i Sk\u00e5ne \u2013 pojke gripen"},"content":{"rendered":"<p class=\"sc-c25743f0-0 sc-e37c0145-2 hObFds DQgPn\">En pojke i \u00f6vre ton\u00e5ren har gripits misst\u00e4nkt f\u00f6r en v\u00e5ldt\u00e4kt p\u00e5 ett gymnasium i Sk\u00e5ne, enligt uppgifter till TV4 Nyheterna.<\/p>\n<p class=\"sc-c25743f0-0 sc-e37c0145-2 hObFds DQgPn\">Den misst\u00e4nkta v\u00e5ldt\u00e4kten ska ha intr\u00e4ffat tidigare idag. <\/p>\n<p class=\"sc-c25743f0-0 sc-e37c0145-2 hObFds DQgPn\">\u2013 Vi har varit p\u00e5 platsen och det har skett ett sexualbrott p\u00e5 skolan och en ton\u00e5rig pojke \u00e4r gripen, s\u00e4ger polisens presstalesperson Jakob Palmgren.<\/p>\n<p class=\"sc-c25743f0-0 sc-e37c0145-2 hObFds DQgPn\">Han kan d\u00e4remot inte bekr\u00e4fta att det skulle handla om just en v\u00e5ldt\u00e4kt.<\/p>\n<p class=\"sc-c25743f0-0 sc-e37c0145-2 hObFds DQgPn\">Polisen ska nu utreda h\u00e4ndelsen, bland annat genom att h\u00f6ra de inblandade.<\/p>\n","protected":false},"excerpt":{"rendered":"En pojke i \u00f6vre ton\u00e5ren har gripits misst\u00e4nkt f\u00f6r en v\u00e5ldt\u00e4kt p\u00e5 ett gymnasium i Sk\u00e5ne, enligt uppgifter&hellip;\n","protected":false},"author":2,"featured_media":77179,"comment_status":"","ping_status":"","sticky":false,"template":"","format":"standard","meta":{"footnotes":""},"categories":[12],"tags":[22,23,26,27,17,21,24,25,28,29,15,16,18,34,31,33,32,30,19,20],"class_list":{"0":"post-136092","1":"post","2":"type-post","3":"status-publish","4":"format-standard","5":"has-post-thumbnail","7":"category-sverige","8":"tag-breaking-news","9":"tag-breakingnews","10":"tag-featured-news","11":"tag-featurednews","12":"tag-headlines","13":"tag-huvudnyheter","14":"tag-latest-news","15":"tag-latestnews","16":"tag-main-news","17":"tag-mainnews","18":"tag-news","19":"tag-nyheter","20":"tag-rubriker","21":"tag-se","22":"tag-svenska","23":"tag-sverige","24":"tag-sweden","25":"tag-swedish","26":"tag-top-stories","27":"tag-topstories"},"share_on_mastodon":{"url":"https:\/\/pubeurope.com\/@se\/115895041008858570","error":""},"_links":{"self":[{"href":"https:\/\/www.europesays.com\/se\/wp-json\/wp\/v2\/posts\/136092","targetHints":{"allow":["GET"]}}],"collection":[{"href":"https:\/\/www.europesays.com\/se\/wp-json\/wp\/v2\/posts"}],"about":[{"href":"https:\/\/www.europesays.com\/se\/wp-json\/wp\/v2\/types\/post"}],"author":[{"embeddable":true,"href":"https:\/\/www.europesays.com\/se\/wp-json\/wp\/v2\/users\/2"}],"replies":[{"embeddable":true,"href":"https:\/\/www.europesays.com\/se\/wp-json\/wp\/v2\/comments?post=136092"}],"version-history":[{"count":0,"href":"https:\/\/www.europesays.com\/se\/wp-json\/wp\/v2\/posts\/136092\/revisions"}],"wp:featuredmedia":[{"embeddable":true,"href":"https:\/\/www.europesays.com\/se\/wp-json\/wp\/v2\/media\/77179"}],"wp:attachment":[{"href":"https:\/\/www.europesays.com\/se\/wp-json\/wp\/v2\/media?parent=136092"}],"wp:term":[{"taxonomy":"category","embeddable":true,"href":"https:\/\/www.europesays.com\/se\/wp-json\/wp\/v2\/categories?post=136092"},{"taxonomy":"post_tag","embeddable":true,"href":"https:\/\/www.europesays.com\/se\/wp-json\/wp\/v2\/tags?post=136092"}],"curies":[{"name":"wp","href":"https:\/\/api.w.org\/{rel}","templated":true}]}}