{"id":136093,"date":"2026-01-14T19:12:29","date_gmt":"2026-01-14T19:12:29","guid":{"rendered":"https:\/\/www.europesays.com\/se\/136093\/"},"modified":"2026-01-14T19:12:29","modified_gmt":"2026-01-14T19:12:29","slug":"harda-kritiken-fran-busch-enda-rimliga-svd","status":"publish","type":"post","link":"https:\/\/www.europesays.com\/se\/136093\/","title":{"rendered":"H\u00e5rda kritiken fr\u00e5n Busch: \u201dEnda rimliga\u201d &#8211; SvD"},"content":{"rendered":"<ol>\n<li><a href=\"https:\/\/news.google.com\/rss\/articles\/CBMikAFBVV95cUxNMXlDZmVCRU9lT25LY2Uwb3hUUVVkRUwweDRfcEJXNHRJLTJ6VXNFVkQ0dnVSRXpKTUxnUWRxcGdjc2k2QkFsWXNUMHhtTmhzbGtCMVdGX1dZYXB0UU51bnhCanRPWEJVVjdzdG5YLWJRY1BfUDZfVUlpdDMwYjg5bkRMNDZoTVp3ODNDUGJUdWs?oc=5\" target=\"_blank\" rel=\"nofollow noopener\">H\u00e5rda kritiken fr\u00e5n Busch: \u201dEnda rimliga\u201d<\/a>&nbsp;&nbsp;SvD<\/li>\n<li><a href=\"https:\/\/news.google.com\/rss\/articles\/CBMid0FVX3lxTFBWeVNhUGptNmswSERFUS1vR3FCTkxrRmRmX0Y1cklVdjBuWnBaY0djNUtLZUtJU3N5VlJZWWViNUQwdTFKQS13MWczUzhsX0lfOUVHSnhaRzAtdE9yWTQwY3c5OHNfNVBoRUNjdzF6T0JCV1lmQXE4?oc=5\" target=\"_blank\" rel=\"nofollow noopener\">Moderaterna vill \u00e4ndra i lag<\/a>&nbsp;&nbsp;8 Sidor<\/li>\n<li><a href=\"https:\/\/news.google.com\/rss\/articles\/CBMilAFBVV95cUxPVHdrSTBpWk1tbUZGZ2VIZnZpcktQZFM3QUI3NG9wczZRWGtJcUd0SkdOYVZjRmpJQm5YLVBfaXVkampUcDFDYlFqZkRnN2h6dng5QWFwUnlFZjVMNE9vMDFIYlJtS1k4S2VNMWY1M2QwelN4YkhvMzhDWDdTYnNPbFFidjlXNHA4aTlrcEpiYWtnRk1y?oc=5\" target=\"_blank\" rel=\"nofollow noopener\">M\u00e4rkligt att \u00e4ndra i k\u00f6nslagen redan nu<\/a>&nbsp;&nbsp;SvD<\/li>\n<li><a href=\"https:\/\/news.google.com\/rss\/articles\/CBMipwFBVV95cUxNMl9lWGhqNHRHeDFRYlV3S2lHOWtzc2Z5TDN0MVdFTjZJNm1sTVdoSll4YzhZdVNES3pwLV80cEh5Q3hRWkYtWFNRRTFjdHNHa0hMOHRfUk9BbWM0LVB2WFc2a19nb0hJckM2U3dPZkQxbDRaNlhMX1NLVFM3XzM3eE83VnR3RjYxM0dyT1hPZVFOQkF1TXhFS2VPRHZlYXlkVXpOcjVBTQ?oc=5\" target=\"_blank\" rel=\"nofollow noopener\">Ivar Arpi: Du vinner inga v\u00e4ljare p\u00e5 den nya k\u00f6nslagen<\/a>&nbsp;&nbsp;Kvartal<\/li>\n<li><a href=\"https:\/\/news.google.com\/rss\/articles\/CBMi-wFBVV95cUxPWTdROWQwTXB6QklmVDZkVk1ZMkF4SVVyTWE4aFQyVUlWQkUwTWNjLVdsR2dBOW1PdzVhdjR6eUdUemxtSEVqbkVyS0trTVNTcU80ZVVyMW5RcVpyZVR0OC0wNFdtczE2dXFmMVZRcWVEdDNaUGFSUi1GYWcyNXdfS1UzX2xtWC1kMkhxTkw5aG5PUFRodkxkbWY3aDAzbEVUUWZMYTZFMmZuWVVTQzRTNzNTY3dxREh2X24tUGxqS2QtRnhFLWN1ZU9kUkpfMGdmTEFsUmhvVEhmaXF3UTdGZ1UweTV0UktsUkp0WGdfdjdtM0R0X21Lc3dycw?oc=5\" target=\"_blank\" rel=\"nofollow noopener\">Sveriges Kvinnoorganisationer v\u00e4lkomnar Moderaternas besked om att se \u00f6ver k\u00f6nstillh\u00f6righetslagen<\/a>&nbsp;&nbsp;Via TT<\/li>\n<\/ol>\n","protected":false},"excerpt":{"rendered":"H\u00e5rda kritiken fr\u00e5n Busch: \u201dEnda rimliga\u201d&nbsp;&nbsp;SvD Moderaterna vill \u00e4ndra i lag&nbsp;&nbsp;8 Sidor M\u00e4rkligt att \u00e4ndra i k\u00f6nslagen redan&hellip;\n","protected":false},"author":2,"featured_media":136094,"comment_status":"","ping_status":"","sticky":false,"template":"","format":"standard","meta":{"footnotes":""},"categories":[5],"tags":[22,23,26,27,17,21,24,25,28,29,15,16,18,34,31,33,32,30,19,20],"class_list":{"0":"post-136093","1":"post","2":"type-post","3":"status-publish","4":"format-standard","5":"has-post-thumbnail","7":"category-rubriker","8":"tag-breaking-news","9":"tag-breakingnews","10":"tag-featured-news","11":"tag-featurednews","12":"tag-headlines","13":"tag-huvudnyheter","14":"tag-latest-news","15":"tag-latestnews","16":"tag-main-news","17":"tag-mainnews","18":"tag-news","19":"tag-nyheter","20":"tag-rubriker","21":"tag-se","22":"tag-svenska","23":"tag-sverige","24":"tag-sweden","25":"tag-swedish","26":"tag-top-stories","27":"tag-topstories"},"share_on_mastodon":{"url":"https:\/\/pubeurope.com\/@se\/115895044860323577","error":""},"_links":{"self":[{"href":"https:\/\/www.europesays.com\/se\/wp-json\/wp\/v2\/posts\/136093","targetHints":{"allow":["GET"]}}],"collection":[{"href":"https:\/\/www.europesays.com\/se\/wp-json\/wp\/v2\/posts"}],"about":[{"href":"https:\/\/www.europesays.com\/se\/wp-json\/wp\/v2\/types\/post"}],"author":[{"embeddable":true,"href":"https:\/\/www.europesays.com\/se\/wp-json\/wp\/v2\/users\/2"}],"replies":[{"embeddable":true,"href":"https:\/\/www.europesays.com\/se\/wp-json\/wp\/v2\/comments?post=136093"}],"version-history":[{"count":0,"href":"https:\/\/www.europesays.com\/se\/wp-json\/wp\/v2\/posts\/136093\/revisions"}],"wp:featuredmedia":[{"embeddable":true,"href":"https:\/\/www.europesays.com\/se\/wp-json\/wp\/v2\/media\/136094"}],"wp:attachment":[{"href":"https:\/\/www.europesays.com\/se\/wp-json\/wp\/v2\/media?parent=136093"}],"wp:term":[{"taxonomy":"category","embeddable":true,"href":"https:\/\/www.europesays.com\/se\/wp-json\/wp\/v2\/categories?post=136093"},{"taxonomy":"post_tag","embeddable":true,"href":"https:\/\/www.europesays.com\/se\/wp-json\/wp\/v2\/tags?post=136093"}],"curies":[{"name":"wp","href":"https:\/\/api.w.org\/{rel}","templated":true}]}}