{"id":136101,"date":"2026-01-14T19:18:13","date_gmt":"2026-01-14T19:18:13","guid":{"rendered":"https:\/\/www.europesays.com\/se\/136101\/"},"modified":"2026-01-14T19:18:13","modified_gmt":"2026-01-14T19:18:13","slug":"medborgarrattskampen-claudette-colvin-dod","status":"publish","type":"post","link":"https:\/\/www.europesays.com\/se\/136101\/","title":{"rendered":"Medborgarr\u00e4ttsk\u00e4mpen Claudette Colvin d\u00f6d"},"content":{"rendered":"<p>Den amerikanska medborgarr\u00e4ttsk\u00e4mpen Claudette Colvin \u00e4r d\u00f6d, rapporterar flera amerikanska medier. Hon ses som en pionj\u00e4r inom medborgarr\u00e4ttsr\u00f6relsen efter att som 15-\u00e5ring v\u00e4grat ge upp sin plats p\u00e5 en segregerad buss i Alabamastaden Montgomery.<\/p>\n<p>Hennes protest ledde hela v\u00e4gen till USA:s h\u00f6gsta domstol och domen var avg\u00f6rande i avskaffandet av segregerad kollektivtrafik. <\/p>\n<p>H\u00e4ndelsen intr\u00e4ffade i mars 1955, nio m\u00e5nader innan Rosa Parks blev internationellt uppm\u00e4rksammad f\u00f6r att ha v\u00e4grat ge upp sin plats p\u00e5 bussen. Colvin fick dock aldrig samma erk\u00e4nnande som Parks, s\u00e4ger Montgomerys borgm\u00e4stare Steven Reed till AP.<\/p>\n<p>\u2013 Claudette Colvins liv p\u00e5minner oss om att r\u00f6relser inte bara byggs av dem vars namn \u00e4r mest k\u00e4nda, utan ocks\u00e5 av dem vars mod kommer tidigt, tyst och till stor kostnad. <\/p>\n<p>Claudette Colvin blev 86 \u00e5r gammal. <\/p>\n<p>Omni \u00e4r politiskt obundna och oberoende. Vi str\u00e4var efter att ge fler perspektiv p\u00e5 nyheterna. Har du fr\u00e5gor eller synpunkter kring v\u00e5r rapportering? <a href=\"https:\/\/omni.se\/medborgarrattskampen-claudette-colvin-dod\/a\/mailto:redaktion@omni.se\" class=\"ArticleActions_contactLink__W2F1M\" rel=\"nofollow noopener\" target=\"_blank\">Kontakta redaktionen<\/a><\/p>\n","protected":false},"excerpt":{"rendered":"Den amerikanska medborgarr\u00e4ttsk\u00e4mpen Claudette Colvin \u00e4r d\u00f6d, rapporterar flera amerikanska medier. Hon ses som en pionj\u00e4r inom medborgarr\u00e4ttsr\u00f6relsen&hellip;\n","protected":false},"author":2,"featured_media":136102,"comment_status":"","ping_status":"","sticky":false,"template":"","format":"standard","meta":{"footnotes":""},"categories":[14],"tags":[22,23,26,27,17,21,24,25,28,29,15,268,16,18,34,31,33,32,30,19,20,74,51,52,53,54],"class_list":{"0":"post-136101","1":"post","2":"type-post","3":"status-publish","4":"format-standard","5":"has-post-thumbnail","7":"category-varlden","8":"tag-breaking-news","9":"tag-breakingnews","10":"tag-featured-news","11":"tag-featurednews","12":"tag-headlines","13":"tag-huvudnyheter","14":"tag-latest-news","15":"tag-latestnews","16":"tag-main-news","17":"tag-mainnews","18":"tag-news","19":"tag-nordamerika","20":"tag-nyheter","21":"tag-rubriker","22":"tag-se","23":"tag-svenska","24":"tag-sverige","25":"tag-sweden","26":"tag-swedish","27":"tag-top-stories","28":"tag-topstories","29":"tag-usa","30":"tag-varlden","31":"tag-world","32":"tag-world-news","33":"tag-worldnews"},"share_on_mastodon":{"url":"https:\/\/pubeurope.com\/@se\/115895068543728743","error":""},"_links":{"self":[{"href":"https:\/\/www.europesays.com\/se\/wp-json\/wp\/v2\/posts\/136101","targetHints":{"allow":["GET"]}}],"collection":[{"href":"https:\/\/www.europesays.com\/se\/wp-json\/wp\/v2\/posts"}],"about":[{"href":"https:\/\/www.europesays.com\/se\/wp-json\/wp\/v2\/types\/post"}],"author":[{"embeddable":true,"href":"https:\/\/www.europesays.com\/se\/wp-json\/wp\/v2\/users\/2"}],"replies":[{"embeddable":true,"href":"https:\/\/www.europesays.com\/se\/wp-json\/wp\/v2\/comments?post=136101"}],"version-history":[{"count":0,"href":"https:\/\/www.europesays.com\/se\/wp-json\/wp\/v2\/posts\/136101\/revisions"}],"wp:featuredmedia":[{"embeddable":true,"href":"https:\/\/www.europesays.com\/se\/wp-json\/wp\/v2\/media\/136102"}],"wp:attachment":[{"href":"https:\/\/www.europesays.com\/se\/wp-json\/wp\/v2\/media?parent=136101"}],"wp:term":[{"taxonomy":"category","embeddable":true,"href":"https:\/\/www.europesays.com\/se\/wp-json\/wp\/v2\/categories?post=136101"},{"taxonomy":"post_tag","embeddable":true,"href":"https:\/\/www.europesays.com\/se\/wp-json\/wp\/v2\/tags?post=136101"}],"curies":[{"name":"wp","href":"https:\/\/api.w.org\/{rel}","templated":true}]}}