{"id":136119,"date":"2026-01-14T19:33:36","date_gmt":"2026-01-14T19:33:36","guid":{"rendered":"https:\/\/www.europesays.com\/se\/136119\/"},"modified":"2026-01-14T19:33:36","modified_gmt":"2026-01-14T19:33:36","slug":"ingen-julklapp-pa-espresso-house","status":"publish","type":"post","link":"https:\/\/www.europesays.com\/se\/136119\/","title":{"rendered":"Ingen julklapp p\u00e5 Espresso House"},"content":{"rendered":"<p class=\"ingress\">\nI \u00e5r blev det ingen klapp f\u00f6r personalen p\u00e5 Espresso House. F\u00f6r\u00e4ndringar p\u00e5 chefsniv\u00e5 var f\u00f6rklaringen.<\/p>\n<p>\nPublicerad 13 januari 2026<\/p>\n<p><img decoding=\"async\" src=\"https:\/\/www.europesays.com\/se\/wp-content\/uploads\/2026\/01\/espressohouse-1130x636.jpg\" alt=\"Ingen julklapp p\u00e5 Espresso House\"\/><\/p>\n<p>\nKaf\u00e9kedjans anst\u00e4llda fick inte den sedvanliga julklappen i december.<br \/>\nFoto: I99pema\/Wikimedia Commons CC-BY-SA-3.0 (Espresso House) samt Istockphoto\t\t\t\t\t\t\t\t\t\t\t\t\t\t<\/p>\n<p>Spelar det n\u00e5gon roll om man f\u00e5r julklapp fr\u00e5n jobbet? Personalen p\u00e5 Espresso House tycker det. Men i \u00e5r blev det inget paket.<\/p>\n<p>Andra \u00e5r har de f\u00e5tt merchandise, som en l\u00e5da te eller en mugg. Men det har \u00e4ven f\u00f6rekommit ins\u00e4ttningar p\u00e5 de konton som personalen anv\u00e4nder f\u00f6r att handla med personalrabatt p\u00e5 Espresso House.<\/p>\n<p>I \u00e5r undrade de anst\u00e4llda varf\u00f6r det inte d\u00f6k upp n\u00e5gon julklapp. Det dr\u00f6jde till mellandagarna innan arbetsgivaren gav besked.<\/p>\n<p>\u2013 D\u00e5 skrev de att p\u00e5 grund av omorganisering p\u00e5 h\u00f6gre chefsniv\u00e5 har de inte avsatt n\u00e5gra pengar till julklapp i \u00e5r, s\u00e4ger en anst\u00e4lld p\u00e5 Espresso House som vill vara anonym.<\/p>\n<p>Hur k\u00e4ndes det?<br \/>\u2013 Sakm\u00e4ssigt p\u00e5verkar det inte s\u00e5 mycket men symboliskt skapar det starka k\u00e4nslor. Inte minst f\u00f6r att det har varit stora f\u00f6r\u00e4ndringar under \u00e5ret.<\/p>\n<p>\u201dK\u00e4nslan att bolaget inte uppskattar oss\u201d<\/p>\n<p>Under \u00e5ret har kaf\u00e9kedjan inf\u00f6rt nya arbetss\u00e4tt som g\u00f6r att personalen k\u00e4nner att de m\u00e5ste leverera mer, ber\u00e4ttar medarbetaren.<\/p>\n<p>\u2013 D\u00e5 \u00e4r det klart att det symboliskt k\u00e4nns ganska pissigt, b\u00e5de att inte f\u00e5 n\u00e5gon julklapp och att de inte kommunicerar det f\u00f6rr\u00e4n efter jul. K\u00e4nslan \u00e4r att bolaget inte uppskattar oss.<\/p>\n<p>\u2013 M\u00e5nga \u00e4r ocks\u00e5 besvikna \u00f6ver avsaknaden av transparens, att de inte kommunicerar f\u00f6r\u00e4ndringar f\u00f6rr\u00e4n efter att de genomf\u00f6rts.<\/p>\n<p>Har ni n\u00e5gra andra f\u00f6rm\u00e5ner?<br \/>\u2013 Den enda f\u00f6rm\u00e5nen vi har \u00e4r personalrabatt. Personalf\u00f6rm\u00e5nen Benify, som gav rabatter och erbjudanden, togs bort f\u00f6r tv\u00e5 \u00e5r sedan med l\u00f6fte om att det skulle ers\u00e4ttas med n\u00e5got nytt. Jag skulle vilja att de ersatte Benify med ett friskv\u00e5rdsbidrag. Det skulle m\u00e5nga \u00f6nska. \u00a0<\/p>\n<p>Bolaget beklagar<\/p>\n<p>Hotellrevyn har s\u00f6kt Espresso House f\u00f6r att f\u00e5 en kommentar.<\/p>\n<p>Maria Anderberg, People Operations Director, svarar via mejl att f\u00f6retaget beslutade att inte dela ut n\u00e5gra julg\u00e5vor f\u00f6r 2025: <br \/>\u201dBeslutet g\u00e4llde samtliga medarbetare. Vi beklagar att informationen inte kommunicerades tydligt internt och tar ansvar f\u00f6r den bristen. Detta hanteras nu internt.\u201d<\/p>\n","protected":false},"excerpt":{"rendered":"I \u00e5r blev det ingen klapp f\u00f6r personalen p\u00e5 Espresso House. F\u00f6r\u00e4ndringar p\u00e5 chefsniv\u00e5 var f\u00f6rklaringen. Publicerad 13&hellip;\n","protected":false},"author":2,"featured_media":136120,"comment_status":"","ping_status":"","sticky":false,"template":"","format":"standard","meta":{"footnotes":""},"categories":[65],"tags":[72,70,71,13734,34,31,33,32,30],"class_list":{"0":"post-136119","1":"post","2":"type-post","3":"status-publish","4":"format-standard","5":"has-post-thumbnail","7":"category-ekonomi","8":"tag-business","9":"tag-economy","10":"tag-ekonomi","11":"tag-espresso-house","12":"tag-se","13":"tag-svenska","14":"tag-sverige","15":"tag-sweden","16":"tag-swedish"},"share_on_mastodon":{"url":"https:\/\/pubeurope.com\/@se\/115895127512135238","error":""},"_links":{"self":[{"href":"https:\/\/www.europesays.com\/se\/wp-json\/wp\/v2\/posts\/136119","targetHints":{"allow":["GET"]}}],"collection":[{"href":"https:\/\/www.europesays.com\/se\/wp-json\/wp\/v2\/posts"}],"about":[{"href":"https:\/\/www.europesays.com\/se\/wp-json\/wp\/v2\/types\/post"}],"author":[{"embeddable":true,"href":"https:\/\/www.europesays.com\/se\/wp-json\/wp\/v2\/users\/2"}],"replies":[{"embeddable":true,"href":"https:\/\/www.europesays.com\/se\/wp-json\/wp\/v2\/comments?post=136119"}],"version-history":[{"count":0,"href":"https:\/\/www.europesays.com\/se\/wp-json\/wp\/v2\/posts\/136119\/revisions"}],"wp:featuredmedia":[{"embeddable":true,"href":"https:\/\/www.europesays.com\/se\/wp-json\/wp\/v2\/media\/136120"}],"wp:attachment":[{"href":"https:\/\/www.europesays.com\/se\/wp-json\/wp\/v2\/media?parent=136119"}],"wp:term":[{"taxonomy":"category","embeddable":true,"href":"https:\/\/www.europesays.com\/se\/wp-json\/wp\/v2\/categories?post=136119"},{"taxonomy":"post_tag","embeddable":true,"href":"https:\/\/www.europesays.com\/se\/wp-json\/wp\/v2\/tags?post=136119"}],"curies":[{"name":"wp","href":"https:\/\/api.w.org\/{rel}","templated":true}]}}