{"id":136150,"date":"2026-01-14T19:59:10","date_gmt":"2026-01-14T19:59:10","guid":{"rendered":"https:\/\/www.europesays.com\/se\/136150\/"},"modified":"2026-01-14T19:59:10","modified_gmt":"2026-01-14T19:59:10","slug":"arbetarklassen-bar-upp-sverige-regeringen-struntar-i-dem-arbetet","status":"publish","type":"post","link":"https:\/\/www.europesays.com\/se\/136150\/","title":{"rendered":"Arbetarklassen b\u00e4r upp Sverige \u2013\u00a0regeringen struntar i dem \u2013 Arbetet"},"content":{"rendered":"<p>Bl\u00f6t sn\u00f6 f\u00f6ll \u00f6ver huvudstaden n\u00e4r val\u00e5rets f\u00f6rsta partiledardebatt avh\u00f6lls i Riksdagen. F\u00f6r f\u00f6rsta g\u00e5ngen p\u00e5 kv\u00e4llstid. \u201dF\u00f6r att locka tv-tittare\u201d, enligt talman Andreas Norl\u00e9n.<\/p>\n<p>\u00d6ver hela landet: <a href=\"https:\/\/www.expressen.se\/nyheter\/vader\/gul-varning-for-sno-i-halva-sverige\/\" rel=\"nofollow noopener\" target=\"_blank\">gula v\u00e4dervarningar<\/a>.<\/p>\n<p>\u201dDet h\u00e4r \u00e4r\u00a0Sverige: N\u00e4r det v\u00e4l krisar p\u00e5 det ena eller andra s\u00e4ttet, d\u00e5 \u00e4r det den svenska arbetarklassen som f\u00e5r rycka ut och r\u00e4dda situationen\u201d, <a href=\"https:\/\/www.dalademokraten.se\/2026-01-13\/snon-framkallar-till-slut-arbetarklassen-det-borde-folk-och-forsvar-tala-om\/\" data-type=\"link\" data-id=\"https:\/\/www.dalademokraten.se\/2026-01-13\/snon-framkallar-till-slut-arbetarklassen-det-borde-folk-och-forsvar-tala-om\/\" rel=\"nofollow noopener\" target=\"_blank\">skrev G\u00f6ran Greider h\u00e4romdagen<\/a> i Dala-Demokraten.<\/p>\n<p>Och medan Ulf Kristersson stod i plenisalen och p\u00e5stod att <a href=\"https:\/\/www.gp.se\/nyheter\/sverige\/kristersson-det-ljusnar-i-sverige.09573060-d180-5a17-b4ca-1bbbed85aee4\" rel=\"nofollow noopener\" target=\"_blank\">det ljusnar i Sverige<\/a> satt m\u00e4nniskor i plogbilar, kl\u00e4ttrade p\u00e5 tak, r\u00f6jde nedfallna tr\u00e4d och f\u00f6rs\u00f6kte ta sig fram p\u00e5 igensn\u00f6ade v\u00e4gar.<\/p>\n<p>Karensavdraget blir kvar<\/p>\n<p>Greider igen: \u201dI slut\u00e4ndan \u00e4r det kroppskrafter som b\u00e4r upp tyngden av ett samh\u00e4lle. Om arbetarna i handeln, servicen, sjukv\u00e5rden eller transportsektorn en dag samf\u00e4llt skulle stanna hemma \u2013 ja, d\u00e5 funnes inget Sverige mer.\u201d\u00a0<\/p>\n<p>Man kan inte anklaga partiledarna i de partier som ing\u00e5r i regeringssamarbetet att vara f\u00f6r upptagna vid den tanken. F\u00f6r vilka besked har vi f\u00e5tt fr\u00e5n \u00c5kesson, Kristersson, Mohamsson och Busch inf\u00f6r aftonens debatt?<\/p>\n<p>\t\t\t\t<img alt=\"\" class=\"MediaWrapper-content BodyImage-imageObject\" src=\"https:\/\/www.europesays.com\/se\/wp-content\/uploads\/2026\/01\/skylt-demonstration-arbetslosa.jpg\" data-lazy-load-target=\"content\" width=\"1060\" height=\"706\" loading=\"lazy\" decoding=\"async\" fetchpriority=\"auto\"\/><\/p>\n<p>\n\t\t\t\t\tEtt hundratal personer demonstrerade i december i missn\u00f6je med de nya a-kassereglerna som inneb\u00e4r s\u00e4nkt aktivitetsst\u00f6d f\u00f6r n\u00e4rmare hundra tusen arbetsl\u00f6sa.\t\t\t\t\t\t\t\t\t<\/p>\n<p>Karensavdraget ska inte avskaffas. Arbetstiden ska inte s\u00e4nkas. V\u00e4lf\u00e4rdens personal ska inte f\u00e5 fler kollegor. Staten ska inte g\u00f6ra n\u00e5got s\u00e4rskilt f\u00f6r att det byggs j\u00e4rnv\u00e4gar, hus eller v\u00e4gar. A-kassan ska f\u00f6rs\u00e4mras. Pensions\u00e5ldern ska h\u00f6jas. Resurserna till det f\u00f6rebyggande arbetsmilj\u00f6arbetet ska minska. Och arbetsl\u00f6sheten \u2013 massiv, \u00f6verv\u00e4ldigande \u2013 \u00e4r inget problem. Inte f\u00f6r Tid\u00f6g\u00e4nget, i alla fall.<\/p>\n<p>Men f\u00f6r ganska m\u00e5nga andra va? En halv miljon m\u00e4nniskor i det h\u00e4r landet \u00e4r arbetsl\u00f6sa. \u00a0\u00d6ver 371 000 personer \u00e4r inskrivna p\u00e5 Arbetsf\u00f6rmedlingen och 155 000 av dem har varit utan arbete i \u00f6ver ett \u00e5r.<\/p>\n<p>Det finns inga jobb<\/p>\n<p>Det finns jobb, om man anstr\u00e4nger sig \u00e4r budskapet fr\u00e5n g\u00e4nget som sett till att alla insatser f\u00f6r att arbetsl\u00f6sa ska f\u00e5 jobb \u2013 utbildningar, coachning, st\u00f6d\u00e5tg\u00e4rder \u2013\u00a0<a href=\"https:\/\/www.lo.se\/lo-fakta\/anslag-for-aktiv-arbetsmarknadspolitik-per-arbetslos\" rel=\"nofollow noopener\" target=\"_blank\">har halverats p\u00e5 tio \u00e5r.<\/a><\/p>\n<p>F\u00e4rre lediga jobb \u00e4n tidigare anm\u00e4ls till Arbetsf\u00f6rmedlingen och varslen ligger forfarande p\u00e5 mycket h\u00f6ga niv\u00e5er. Men antalet arbetsl\u00f6sa per ledig tj\u00e4nst hos Arbetsf\u00f6rmedlingen har\u00a0<a href=\"https:\/\/loblog.lo.se\/2025\/09\/en-politik-som-glommer-de-arbetslosa\/\" rel=\"nofollow noopener\" target=\"_blank\">n\u00e5tt den h\u00f6gsta niv\u00e5n p\u00e5 \u00f6ver tio \u00e5r.<\/a>\u00a0Konkurrensen om varje ledigt jobb \u00e4r bokstavligt talat redan m\u00f6rdande.<\/p>\n<p>\u00c4sch, det l\u00f6ser sig genom s\u00e4nkta ers\u00e4ttningar, s\u00e4nkta bidrag, hembes\u00f6k, krav p\u00e5 att man flyttar, krav p\u00e5 att man s\u00f6ker \u00e4nnu fler jobb, krav p\u00e5 att man st\u00e4dar en park. D\u00e5 f\u00e5r man jobb, tro h\u00f6gern.<\/p>\n<p>F\u00f6r att f\u00f6rst\u00e5 hur tom den h\u00e4r typen av kravretorik \u00e4r kan man g\u00f6ra ett enkelt tankeexperiment.<\/p>\n<p>Ulf Kristersson lever i en fantasi<\/p>\n<p>I dag \u00e4r runt 594 000 personer arbetsl\u00f6sa. Samtidigt \u00e4r ungef\u00e4r 84 000 lediga jobb \u00e4r anm\u00e4lda till Arbetsf\u00f6rmedlingen. Anta, helt orealistiskt, att varje platsannons motsvarar ett riktigt jobb med l\u00f6n att leva p\u00e5. Anta att alla jobben faktiskt tills\u00e4tts, att varje arbetsl\u00f6s har exakt r\u00e4tt kompetens och m\u00f6jlighet att flytta till jobben.<\/p>\n<p>Till och med i den h\u00e4r fantasin kommer hundratusentals m\u00e4nniskor st\u00e5 utan jobb.<\/p>\n<p>S\u00e5 trist att v\u00e5r regering lever i den d\u00e4r fantasin.<\/p>\n<p>Detta \u00e4r val\u00e5rets viktigaste besked fr\u00e5n Tid\u00f6laget till dem som b\u00e4r upp samh\u00e4llet:<\/p>\n<p>Vi struntar i er n\u00e4r ni \u00e4r p\u00e5 jobbet.<\/p>\n<p>Och vi struntar i er n\u00e4r ni blir av med jobbet.<\/p>\n<ul class=\"ContentItemList-items\">\n<p>\t\t\t\t\t<a href=\"https:\/\/arbetet.se\/2026\/01\/13\/psykiskt-storda-man-mordar-kvinnor-regeringen-latsas-vara-oskyldig\/\" class=\"Teaser Teaser--listItem Teaser--horizontal Teaser--mediaLeft Teaser--opinionPiece Teaser--post Teaser--featuredContributor\" data-action=\"event#click\" data-content-item-id=\"1447490\" data-content-item-type=\"post\" data-content-item-variant=\"opinionPiece\" data-event-name=\"teaser_click\" data-event-data=\"{&quot;includeContentItemData&quot;:true}\" data-content-item-category=\"Ledare\" data-content-item-author=\"Hanna \u00d6steby\" rel=\"nofollow noopener\" target=\"_blank\"><\/p>\n<p>\t\t\t\tHanna \u00d6steby: Psykiskt st\u00f6rda m\u00e4n m\u00f6rdar kvinnor \u2013 regeringen l\u00e5tsas vara oskyldig\t<\/p>\n<p><\/a><\/p>\n<p>\t\t\t\t\t<a href=\"https:\/\/arbetet.se\/2026\/01\/09\/maria-malmer-stenergards-bojer-sig-for-usa-och-gor-varlden-farligare\/\" class=\"Teaser Teaser--listItem Teaser--horizontal Teaser--mediaLeft Teaser--opinionPiece Teaser--post Teaser--featuredContributor\" data-action=\"event#click\" data-content-item-id=\"1447268\" data-content-item-type=\"post\" data-content-item-variant=\"opinionPiece\" data-event-name=\"teaser_click\" data-event-data=\"{&quot;includeContentItemData&quot;:true}\" data-content-item-category=\"Ledare\" data-content-item-author=\"Max Jerneck\" rel=\"nofollow noopener\" target=\"_blank\"><\/p>\n<p>\t\t\t\tMax Jerneck: B\u00f6jer sig f\u00f6r USA \u2013 och g\u00f6r v\u00e4rlden farligare\t<\/p>\n<p><\/a><\/p>\n<\/ul>\n","protected":false},"excerpt":{"rendered":"Bl\u00f6t sn\u00f6 f\u00f6ll \u00f6ver huvudstaden n\u00e4r val\u00e5rets f\u00f6rsta partiledardebatt avh\u00f6lls i Riksdagen. F\u00f6r f\u00f6rsta g\u00e5ngen p\u00e5 kv\u00e4llstid. \u201dF\u00f6r&hellip;\n","protected":false},"author":2,"featured_media":136151,"comment_status":"","ping_status":"","sticky":false,"template":"","format":"standard","meta":{"footnotes":""},"categories":[12],"tags":[22,23,26,27,17,21,24,25,28,29,15,16,18,34,31,33,32,30,19,20],"class_list":{"0":"post-136150","1":"post","2":"type-post","3":"status-publish","4":"format-standard","5":"has-post-thumbnail","7":"category-sverige","8":"tag-breaking-news","9":"tag-breakingnews","10":"tag-featured-news","11":"tag-featurednews","12":"tag-headlines","13":"tag-huvudnyheter","14":"tag-latest-news","15":"tag-latestnews","16":"tag-main-news","17":"tag-mainnews","18":"tag-news","19":"tag-nyheter","20":"tag-rubriker","21":"tag-se","22":"tag-svenska","23":"tag-sverige","24":"tag-sweden","25":"tag-swedish","26":"tag-top-stories","27":"tag-topstories"},"share_on_mastodon":{"url":"https:\/\/pubeurope.com\/@se\/115895229762301437","error":""},"_links":{"self":[{"href":"https:\/\/www.europesays.com\/se\/wp-json\/wp\/v2\/posts\/136150","targetHints":{"allow":["GET"]}}],"collection":[{"href":"https:\/\/www.europesays.com\/se\/wp-json\/wp\/v2\/posts"}],"about":[{"href":"https:\/\/www.europesays.com\/se\/wp-json\/wp\/v2\/types\/post"}],"author":[{"embeddable":true,"href":"https:\/\/www.europesays.com\/se\/wp-json\/wp\/v2\/users\/2"}],"replies":[{"embeddable":true,"href":"https:\/\/www.europesays.com\/se\/wp-json\/wp\/v2\/comments?post=136150"}],"version-history":[{"count":0,"href":"https:\/\/www.europesays.com\/se\/wp-json\/wp\/v2\/posts\/136150\/revisions"}],"wp:featuredmedia":[{"embeddable":true,"href":"https:\/\/www.europesays.com\/se\/wp-json\/wp\/v2\/media\/136151"}],"wp:attachment":[{"href":"https:\/\/www.europesays.com\/se\/wp-json\/wp\/v2\/media?parent=136150"}],"wp:term":[{"taxonomy":"category","embeddable":true,"href":"https:\/\/www.europesays.com\/se\/wp-json\/wp\/v2\/categories?post=136150"},{"taxonomy":"post_tag","embeddable":true,"href":"https:\/\/www.europesays.com\/se\/wp-json\/wp\/v2\/tags?post=136150"}],"curies":[{"name":"wp","href":"https:\/\/api.w.org\/{rel}","templated":true}]}}