{"id":136211,"date":"2026-01-14T21:04:21","date_gmt":"2026-01-14T21:04:21","guid":{"rendered":"https:\/\/www.europesays.com\/se\/136211\/"},"modified":"2026-01-14T21:04:21","modified_gmt":"2026-01-14T21:04:21","slug":"danmark-skickar-militar-forstarkning-till-gronland-expressen","status":"publish","type":"post","link":"https:\/\/www.europesays.com\/se\/136211\/","title":{"rendered":"Danmark skickar milit\u00e4r f\u00f6rst\u00e4rkning till Gr\u00f6nland &#8211; Expressen"},"content":{"rendered":"<ol>\n<li><a href=\"https:\/\/news.google.com\/rss\/articles\/CBMilwFBVV95cUxOUTR6dzNBb19hQ2FrTWRjdWN6Umk0b0dBNWktRDJYUl9BbGh6LV9yNDVsYjBGcW11bDcydWtHUU5GTXNlSVdXN0t2RkNTbWJJdWZJS1oxajRINVJBQU1NcExsZzA2MnVIWVVfWXhaV2I3T00tNXI2Vng0YkwzWGxPaFBTQTloUU16MDVUVTI3aF9wVGlqX2tn?oc=5\" target=\"_blank\" rel=\"nofollow noopener\">Danmark skickar milit\u00e4r f\u00f6rst\u00e4rkning till Gr\u00f6nland<\/a>&nbsp;&nbsp;Expressen<\/li>\n<li><a href=\"https:\/\/news.google.com\/rss\/articles\/CBMihgFBVV95cUxOSGhJX01RVVg4UzFDVVN3c2ppdUVWYzVVTHFpNWdHQ1Exdy1kcW9aUDk3MFhyeHE2XzdkOUx1QUMyTFR1aTFzeU11VElMN2V0MHpkUnBXQVAxYlhrWnQ1Mml3OTZZbmZtaW5uRmdmbXhndG81M0RaS2lWRUU2ZEl2UFR1Z25XUQ?oc=5\" target=\"_blank\" rel=\"nofollow noopener\">Danskarna klara i Vita huset: R\u00f6ker och fistbumpar<\/a>&nbsp;&nbsp;Aftonbladet<\/li>\n<li><a href=\"https:\/\/news.google.com\/rss\/articles\/CBMisAFBVV95cUxOT25nZ0xWajRoOUY5MEU5bGFKVEFyYUNETi1mTFhMMVpMSC1oTzB6eUFiMXd4WnJ6MTZIVWxtM0pPdkxvOTFIbzRFdW5VVjlROW16Rmk0NzZBaFJwbGo2TzBTMDFDM1E3bTZDdG1xRnZqeW1JN2J0elZIWTVMeVVod29VUEpUSjRUaUYzVUtJYXVicndjSmM5WmRuY0xjOTJwdzQ1R1JLZjhDQ1pnbEs4aw?oc=5\" target=\"_blank\" rel=\"nofollow noopener\">Danmark slapp ett \u201dZelenskyj-moment\u201d<\/a>&nbsp;&nbsp;SvD<\/li>\n<li><a href=\"https:\/\/news.google.com\/rss\/articles\/CBMijgFBVV95cUxNcS0xRDNzdjJESHBLUmJXMmwxWGUtdlJ3R0s3UUdwOGMzcE5qSHYxT1dHOVU4V3g2Tk9ZLVFkOUVLVHk4MHB5YTZvY09wT1M5aTB6M2htclNnUlBPNEpwVFpKWlZrNW53NFFnWmFwVVJrY0VDR05UZTBydlQ3dFZydEJUYVNVTkJYN1dySVhn?oc=5\" target=\"_blank\" rel=\"nofollow noopener\">Lars L\u00f8kke Rasmussen efter USA-m\u00f6tet: V\u00e5ra \u00e5sikter g\u00e5r is\u00e4r<\/a>&nbsp;&nbsp;SVT Nyheter<\/li>\n<li><a href=\"https:\/\/news.google.com\/rss\/articles\/CBMiogFBVV95cUxNbHg4djRsTEhTRVVnWUpkX1V1T2VxZnpXRU1QLW81VGNsSUN2MWx5LUtSZUVZQktvTzdpTjRUYWJUOVRPSS1kVklhSFpvdVNkTlE0NGZ0NFJIbXdaLS1NY0Z5eVBoWk9qVmE3b2hoYTNkWkVuNHBlZHdkXzRsOWxfQy1RRk9aUXNQOXhxOEc3aEp3WUcwVE9lU1RTcWlDb0xneUE?oc=5\" target=\"_blank\" rel=\"nofollow noopener\">Joggade ut och gjorde fistbump \u2013 tog en cigarett<\/a>&nbsp;&nbsp;Expressen<\/li>\n<\/ol>\n","protected":false},"excerpt":{"rendered":"Danmark skickar milit\u00e4r f\u00f6rst\u00e4rkning till Gr\u00f6nland&nbsp;&nbsp;Expressen Danskarna klara i Vita huset: R\u00f6ker och fistbumpar&nbsp;&nbsp;Aftonbladet Danmark slapp ett \u201dZelenskyj-moment\u201d&nbsp;&nbsp;SvD&hellip;\n","protected":false},"author":2,"featured_media":39,"comment_status":"","ping_status":"","sticky":false,"template":"","format":"standard","meta":{"footnotes":""},"categories":[5],"tags":[22,23,26,27,17,21,24,25,28,29,15,16,18,34,31,33,32,30,19,20],"class_list":{"0":"post-136211","1":"post","2":"type-post","3":"status-publish","4":"format-standard","5":"has-post-thumbnail","7":"category-rubriker","8":"tag-breaking-news","9":"tag-breakingnews","10":"tag-featured-news","11":"tag-featurednews","12":"tag-headlines","13":"tag-huvudnyheter","14":"tag-latest-news","15":"tag-latestnews","16":"tag-main-news","17":"tag-mainnews","18":"tag-news","19":"tag-nyheter","20":"tag-rubriker","21":"tag-se","22":"tag-svenska","23":"tag-sverige","24":"tag-sweden","25":"tag-swedish","26":"tag-top-stories","27":"tag-topstories"},"share_on_mastodon":{"url":"https:\/\/pubeurope.com\/@se\/115895485278610847","error":""},"_links":{"self":[{"href":"https:\/\/www.europesays.com\/se\/wp-json\/wp\/v2\/posts\/136211","targetHints":{"allow":["GET"]}}],"collection":[{"href":"https:\/\/www.europesays.com\/se\/wp-json\/wp\/v2\/posts"}],"about":[{"href":"https:\/\/www.europesays.com\/se\/wp-json\/wp\/v2\/types\/post"}],"author":[{"embeddable":true,"href":"https:\/\/www.europesays.com\/se\/wp-json\/wp\/v2\/users\/2"}],"replies":[{"embeddable":true,"href":"https:\/\/www.europesays.com\/se\/wp-json\/wp\/v2\/comments?post=136211"}],"version-history":[{"count":0,"href":"https:\/\/www.europesays.com\/se\/wp-json\/wp\/v2\/posts\/136211\/revisions"}],"wp:featuredmedia":[{"embeddable":true,"href":"https:\/\/www.europesays.com\/se\/wp-json\/wp\/v2\/media\/39"}],"wp:attachment":[{"href":"https:\/\/www.europesays.com\/se\/wp-json\/wp\/v2\/media?parent=136211"}],"wp:term":[{"taxonomy":"category","embeddable":true,"href":"https:\/\/www.europesays.com\/se\/wp-json\/wp\/v2\/categories?post=136211"},{"taxonomy":"post_tag","embeddable":true,"href":"https:\/\/www.europesays.com\/se\/wp-json\/wp\/v2\/tags?post=136211"}],"curies":[{"name":"wp","href":"https:\/\/api.w.org\/{rel}","templated":true}]}}