{"id":136212,"date":"2026-01-14T21:06:09","date_gmt":"2026-01-14T21:06:09","guid":{"rendered":"https:\/\/www.europesays.com\/se\/136212\/"},"modified":"2026-01-14T21:06:09","modified_gmt":"2026-01-14T21:06:09","slug":"far-ta-emot-hot-och-hat","status":"publish","type":"post","link":"https:\/\/www.europesays.com\/se\/136212\/","title":{"rendered":"\u201dF\u00e5r ta emot hot och hat\u201d"},"content":{"rendered":"<p>Publicerad 14 jan 2026 kl 18.53Uppdaterad kl 20.56<\/p>\n<p>Sedan tidigare \u00e4r HV71:s General Manager Bj\u00f6rn Liljander sjukskriven.<\/p>\n<p>Nu sjukskriver sig ers\u00e4ttaren Fredrik Stillman.<\/p>\n<p>\u2013 L\u00f6pande f\u00e5r vi ta emot hot och hat p\u00e5 mejl och via telefonsamtal under dygnets alla timmar, s\u00e4ger ordf\u00f6randen Anna-Lena Isaksson.<\/p>\n<p><img   alt=\"\"\/><\/p>\n<p>Fredrik Stillman har sjukskrivit sig.<\/p>\n<p>Foto: Johan Freijd \/ HV71<\/p>\n<p>\u00d6ppna bild i helsk\u00e4rm<img loading=\"lazy\"   alt=\"\"\/><\/p>\n<p>Linus Leise axlar nu rollen som general manager.<\/p>\n<p>Foto: PELLE B\u00d6RJESSON \/ BILDBYR\u00c5N<\/p>\n<p>\u00d6ppna bild i helsk\u00e4rmArtikeln i korthet<\/p>\n<p> HV71:s GM Fredrik Stillman sjukskriven f\u00f6r utmattning efter hat och hot.<\/p>\n<p> Klubben har nolltolerans mot hot, polisanm\u00e4lan har gjorts.<\/p>\n<p> Flera i ledningen har drabbats.<\/p>\n<p> Linus Leise tar \u00f6ver rollen tillf\u00e4lligt.<\/p>\n<p>Visa mer<\/p>\n<p>I slutet p\u00e5 oktober som det f\u00f6rsta beskedet om sjukskrivning kom.<\/p>\n<p>Sedan dess har det i stora drag varit tyst om Bj\u00f6rn Liljander, som under h\u00f6sten och vintern ersatts av Fredrik Stillman som <a href=\"https:\/\/www.expressen.se\/tagg\/organization\/hv71\/\" class=\"\" rel=\"nofollow noopener\" target=\"_blank\">HV71<\/a>:s General Manager.<\/p>\n<p>Nu meddelar klubben att \u00e4ven Stillman sjukskrivit sig tills vidare, med anledning av utmattningssymptom.<\/p>\n<p>\u2013 Han kom in i f\u00f6rmiddags, s\u00e5 fick han \u00e5ka in till l\u00e4karen d\u00e4r han blev sjukskriven, s\u00e4ger klubbdirekt\u00f6ren Richard Nylin till Expressen.<\/p>\n<p>Nylin beskrev i pressmeddelandet under onsdagen att \u201dm\u00e4ngden hat och hot till medarbetare eskalerat\u201d. Det \u00e4r n\u00e5got klubben ser allvarligt p\u00e5.<\/p>\n<p>\u201dKommer mycket hela tiden\u201d<\/p>\n<p>P\u00e5 fr\u00e5gan om Stillman utsatts svarar Nylin:<\/p>\n<p>\u2013 Det \u00e4r sj\u00e4lvklart s\u00e5dant han f\u00e5r mycket av. Man f\u00e5r kritik och fans som tycker vi \u00e4r d\u00e5liga, det ing\u00e5r i konceptet och \u00e4r inget konstigt. Men n\u00e4r det g\u00e5r \u00f6ver gr\u00e4nsen och blir mer hatiskt, kommer p\u00e5 n\u00e4tterna och \u00f6verallt, blir det v\u00e4rre. Det har eskalerat.<\/p>\n<p>Det tar sig uttryck p\u00e5 olika s\u00e4tt.<\/p>\n<p>\u2013 Det kommer v\u00e4ldigt mycket hela tiden, b\u00e5de p\u00e5 telefon och mejl. Det \u00e4r r\u00e4tt s\u00e5 hatiska mejl som jag inte vill g\u00e5 in p\u00e5 i detalj. Men ni f\u00f6rst\u00e5r nog sj\u00e4lva vad det st\u00e5r i dem. Det \u00e4r inga trevliga saker givetvis.<\/p>\n<p><img loading=\"lazy\"   alt=\"\"\/><\/p>\n<p>Richard Nylin.<\/p>\n<p>Foto: CARL SANDIN \/ BILDBYR\u00c5N<\/p>\n<p>\u00d6ppna bild i helsk\u00e4rmHar gjort polisanm\u00e4lan<\/p>\n<p>Anna-Lena Isaksson, ordf\u00f6rande, f\u00f6rklarar att klubben har nolltolerans mot hat och hot mot sina medarbetare. Samt att det p\u00e5g\u00e5r ett policyarbete mot detta.\u00a0<\/p>\n<p>\u2013 Vi kommer ha en nolltolerans mot hot och kr\u00e4nkningar. Vi kommer polisanm\u00e4la direkt fram\u00f6ver. Vi kommer vara tydliga d\u00e4r.<\/p>\n<p>Hon bekr\u00e4ftar \u00e4ven att en polisanm\u00e4lan gjorts, men inte huruvida det ska g\u00e4lla fallet med Stillman.<\/p>\n<p>\u2013 Jag vill inte g\u00e5 in p\u00e5 vem det ber\u00f6r. Men n\u00e5gon polisanm\u00e4lan har skett, s\u00e4ger hon.<\/p>\n<p>Isaksson beskriver en \u00f6ppen organisation som \u201ddrar \u00e5t samma h\u00e5ll\u201d.<\/p>\n<p>\u2013 D\u00e4r vi befinner oss, med bristande sportsliga framg\u00e5ngar, ska vi kunna ta emot kritik. Det g\u00f6r vi alla och det ligger i rollerna vi har. Men det \u00e4r n\u00e4r det g\u00e5tt \u00f6ver gr\u00e4nsen till hot och hat som en linje \u00e4r passerad.<\/p>\n<p>Annons<\/p>\n<p>S\u00e5 ers\u00e4tts Stillman<\/p>\n<p>Faktum \u00e4r att flera personer i klubben utsatts.<\/p>\n<p>\u2013 Det har vi alla i ledande positioner i f\u00f6reningen. L\u00f6pande f\u00e5r vi ta emot hot och hat p\u00e5 mejl och via telefonsamtal under dygnets alla timmar. Det h\u00e4r \u00e4r enskilda personer som skickar mejl och ringer hotfulla samtal, s\u00e4ger Isaksson och forts\u00e4tter:<\/p>\n<p>\u2013 Det \u00e4r en tuff situation. Det ligger i min roll. Men vi \u00e4r en styrelse som arbetar tillsammans. Jag st\u00e5r inte ensam. Vi \u00e4r ett lag i styrelsen som hj\u00e4lps \u00e5t v\u00e4ldigt bra. Jag k\u00e4nner inte att jag st\u00e5r ensam i detta. Men givetvis, de hot och hat man f\u00e5r till sig och n\u00e4r det blir en s\u00e5 stor m\u00e4ngd, s\u00e5 blir det s\u00e5 klart tuffare att h\u00e5lla det ifr\u00e5n sig. Det \u00e4r en tuff situation.\u00a0<\/p>\n<p>Fram\u00f6ver tar Linus Leise, analytiker, \u00f6ver GM-rollen.<\/p>\n<p>\u2013 Han kommer ta det v\u00e4ldigt kortsiktigt tills vi har hittat hur vi l\u00f6ser detta fram\u00e5t. Vi agerar snabbt men givetvis med tanken att det ska bli en bra l\u00f6sning.<\/p>\n<p>F\u00f6rra veckan meddelade \u00e4ven Richard Nylin att han kommer att l\u00e4mna sin post.<\/p>\n","protected":false},"excerpt":{"rendered":"Publicerad 14 jan 2026 kl 18.53Uppdaterad kl 20.56 Sedan tidigare \u00e4r HV71:s General Manager Bj\u00f6rn Liljander sjukskriven. Nu&hellip;\n","protected":false},"author":2,"featured_media":136213,"comment_status":"","ping_status":"","sticky":false,"template":"","format":"standard","meta":{"footnotes":""},"categories":[68],"tags":[1354,1179,34,255,823,111,110,31,33,32,30],"class_list":{"0":"post-136212","1":"post","2":"type-post","3":"status-publish","4":"format-standard","5":"has-post-thumbnail","7":"category-sport","8":"tag-organization-hv71","9":"tag-organization-shl","10":"tag-se","11":"tag-sections-ishockey","12":"tag-sections-shl","13":"tag-sport","14":"tag-sports","15":"tag-svenska","16":"tag-sverige","17":"tag-sweden","18":"tag-swedish"},"share_on_mastodon":{"url":"https:\/\/pubeurope.com\/@se\/115895493315969422","error":""},"_links":{"self":[{"href":"https:\/\/www.europesays.com\/se\/wp-json\/wp\/v2\/posts\/136212","targetHints":{"allow":["GET"]}}],"collection":[{"href":"https:\/\/www.europesays.com\/se\/wp-json\/wp\/v2\/posts"}],"about":[{"href":"https:\/\/www.europesays.com\/se\/wp-json\/wp\/v2\/types\/post"}],"author":[{"embeddable":true,"href":"https:\/\/www.europesays.com\/se\/wp-json\/wp\/v2\/users\/2"}],"replies":[{"embeddable":true,"href":"https:\/\/www.europesays.com\/se\/wp-json\/wp\/v2\/comments?post=136212"}],"version-history":[{"count":0,"href":"https:\/\/www.europesays.com\/se\/wp-json\/wp\/v2\/posts\/136212\/revisions"}],"wp:featuredmedia":[{"embeddable":true,"href":"https:\/\/www.europesays.com\/se\/wp-json\/wp\/v2\/media\/136213"}],"wp:attachment":[{"href":"https:\/\/www.europesays.com\/se\/wp-json\/wp\/v2\/media?parent=136212"}],"wp:term":[{"taxonomy":"category","embeddable":true,"href":"https:\/\/www.europesays.com\/se\/wp-json\/wp\/v2\/categories?post=136212"},{"taxonomy":"post_tag","embeddable":true,"href":"https:\/\/www.europesays.com\/se\/wp-json\/wp\/v2\/tags?post=136212"}],"curies":[{"name":"wp","href":"https:\/\/api.w.org\/{rel}","templated":true}]}}