{"id":136218,"date":"2026-01-14T21:11:12","date_gmt":"2026-01-14T21:11:12","guid":{"rendered":"https:\/\/www.europesays.com\/se\/136218\/"},"modified":"2026-01-14T21:11:12","modified_gmt":"2026-01-14T21:11:12","slug":"lastbilsolycka-pa-e4-soder-om-harnosand-satt-fast-i-vajer-tidningen-angermanland","status":"publish","type":"post","link":"https:\/\/www.europesays.com\/se\/136218\/","title":{"rendered":"Lastbilsolycka p\u00e5 E4 s\u00f6der om H\u00e4rn\u00f6sand \u2013 satt fast i vajer &#8211; Tidningen \u00c5ngermanland"},"content":{"rendered":"<ol>\n<li><a href=\"https:\/\/news.google.com\/rss\/articles\/CBMipgFBVV95cUxQNVJwLUJLOXpsVWJqdWoxdG9reWNoREE0WXRCX1NxZHVTelhUYVMxVTlVWWZDSHRzSDA0Nk5PR1VsRUJIMmxTRFNfM2hmenlMUkUyME5YUFRrSk1lNHBMSHVEVzFWTTZzX2szUDZYN1BoQkxjZDcwVnZ6clYtNmtzcFRLc0VWNUF2aUw3WmVVWkRQbC13Xy1mTVRwS18xcHlia09wM2xR?oc=5\" target=\"_blank\" rel=\"nofollow noopener\">Lastbilsolycka p\u00e5 E4 s\u00f6der om H\u00e4rn\u00f6sand \u2013 satt fast i vajer<\/a>&nbsp;&nbsp;Tidningen \u00c5ngermanland<\/li>\n<li><a href=\"https:\/\/news.google.com\/rss\/articles\/CBMikAFBVV95cUxOeFB0ek5fNU9XWl9oa2Z5STJjcXIxZjBVV1BvZnJnWHd3YWVGT1RmUVVMY1R6TnlINGVpWllvTlNwRS1nbGloRnpNdGdCM1VhNGN0bG9hSl81MG1RTGxVSER1ZF9CU29GZWtRc1U5ZWZ3bEVRVWNESC1QSlZXbXhibUg5c051akRLdUpSc1d5STA?oc=5\" target=\"_blank\" rel=\"nofollow noopener\">DIREKT: V\u00e4dervarningen tr\u00e4der i kraft \u2013 f\u00f6lj trafikl\u00e4get h\u00e4r<\/a>&nbsp;&nbsp;Tidningen \u00c5ngermanland<\/li>\n<li><a href=\"https:\/\/news.google.com\/rss\/articles\/CBMihAFBVV95cUxNenBycXRhU3hndGpReWNIdGUzLXctLUJlR3c5Y1RqVHlnQWxZdm8wVXNrZzk5bUg3a2ZPYk5nanN2NUFFcVB0QlZ5eHkyUzNEVE1lbmN0UUg3WnZ3cHBDdGtyeUZoRWc1VzVxaURZWmxsMXhLVWEyTk9YRXZnMzBWSEFyZ1U?oc=5\" target=\"_blank\" rel=\"nofollow noopener\">Trafikkaos p\u00e5 E4:an \u2013 Olyckor och l\u00e5nga k\u00f6er<\/a>&nbsp;&nbsp;Sveriges Radio<\/li>\n<li><a href=\"https:\/\/news.google.com\/rss\/articles\/CBMirAFBVV95cUxORWRfdWVuaXBldjFYVnNpLXRrRDF0anh0UHRwQjd0ZGlYaVdUeU1oc3Y5TW5rb1kyUTRRWnZhSmlIYkdIM3liNllacjNkZWN0TFN4MGhUblpJbVdEMUM1azZWaUVvOGhVd1h4aTdLLUhqeHpyRzMxQ0N1Y0FkYlBsU1dIWDdWcEdxU0t4bHlHd281Ul9UeHpVU0hLYnJLbEN5YVhaTVNZYmduM3dL?oc=5\" target=\"_blank\" rel=\"nofollow noopener\">Tungb\u00e4rgaren Anton har tillbringat tv\u00e5 n\u00e4tter i Skulebacken<\/a>&nbsp;&nbsp;SVT Nyheter<\/li>\n<li><a href=\"https:\/\/news.google.com\/rss\/articles\/CBMiXkFVX3lxTE14dWo0OGc5RUo3eHFpNTgzYWpWWnhITXp5U3A0SzZmaldyNUpfb3pQYkp3MXUyWXZKQ0NoajUtZUhaN25LcU1qYzlrYk1Qbk44eVZCbk90LTlEUUFPN0E?oc=5\" target=\"_blank\" rel=\"nofollow noopener\">B\u00e4rgarna har fullt upp<\/a>&nbsp;&nbsp;Sundsvalls Tidning<\/li>\n<\/ol>\n","protected":false},"excerpt":{"rendered":"Lastbilsolycka p\u00e5 E4 s\u00f6der om H\u00e4rn\u00f6sand \u2013 satt fast i vajer&nbsp;&nbsp;Tidningen \u00c5ngermanland DIREKT: V\u00e4dervarningen tr\u00e4der i kraft \u2013&hellip;\n","protected":false},"author":2,"featured_media":136219,"comment_status":"","ping_status":"","sticky":false,"template":"","format":"standard","meta":{"footnotes":""},"categories":[12],"tags":[22,23,26,27,17,21,24,25,28,29,15,16,18,34,31,33,32,30,19,20],"class_list":{"0":"post-136218","1":"post","2":"type-post","3":"status-publish","4":"format-standard","5":"has-post-thumbnail","7":"category-sverige","8":"tag-breaking-news","9":"tag-breakingnews","10":"tag-featured-news","11":"tag-featurednews","12":"tag-headlines","13":"tag-huvudnyheter","14":"tag-latest-news","15":"tag-latestnews","16":"tag-main-news","17":"tag-mainnews","18":"tag-news","19":"tag-nyheter","20":"tag-rubriker","21":"tag-se","22":"tag-svenska","23":"tag-sverige","24":"tag-sweden","25":"tag-swedish","26":"tag-top-stories","27":"tag-topstories"},"share_on_mastodon":{"url":"https:\/\/pubeurope.com\/@se\/115895512767559027","error":""},"_links":{"self":[{"href":"https:\/\/www.europesays.com\/se\/wp-json\/wp\/v2\/posts\/136218","targetHints":{"allow":["GET"]}}],"collection":[{"href":"https:\/\/www.europesays.com\/se\/wp-json\/wp\/v2\/posts"}],"about":[{"href":"https:\/\/www.europesays.com\/se\/wp-json\/wp\/v2\/types\/post"}],"author":[{"embeddable":true,"href":"https:\/\/www.europesays.com\/se\/wp-json\/wp\/v2\/users\/2"}],"replies":[{"embeddable":true,"href":"https:\/\/www.europesays.com\/se\/wp-json\/wp\/v2\/comments?post=136218"}],"version-history":[{"count":0,"href":"https:\/\/www.europesays.com\/se\/wp-json\/wp\/v2\/posts\/136218\/revisions"}],"wp:featuredmedia":[{"embeddable":true,"href":"https:\/\/www.europesays.com\/se\/wp-json\/wp\/v2\/media\/136219"}],"wp:attachment":[{"href":"https:\/\/www.europesays.com\/se\/wp-json\/wp\/v2\/media?parent=136218"}],"wp:term":[{"taxonomy":"category","embeddable":true,"href":"https:\/\/www.europesays.com\/se\/wp-json\/wp\/v2\/categories?post=136218"},{"taxonomy":"post_tag","embeddable":true,"href":"https:\/\/www.europesays.com\/se\/wp-json\/wp\/v2\/tags?post=136218"}],"curies":[{"name":"wp","href":"https:\/\/api.w.org\/{rel}","templated":true}]}}