{"id":136224,"date":"2026-01-14T21:17:38","date_gmt":"2026-01-14T21:17:38","guid":{"rendered":"https:\/\/www.europesays.com\/se\/136224\/"},"modified":"2026-01-14T21:17:38","modified_gmt":"2026-01-14T21:17:38","slug":"allt-fler-binder-rantan-tidsfonstret-pa-vag-att-stangas","status":"publish","type":"post","link":"https:\/\/www.europesays.com\/se\/136224\/","title":{"rendered":"Allt fler binder r\u00e4ntan: &#8221;Tidsf\u00f6nstret p\u00e5 v\u00e4g att st\u00e4ngas&#8221;"},"content":{"rendered":"<p class=\"font-sans text-base text-text-main dark:text-text-main-dark font-normal leading-[1.4]\">Andelen kunder hos <strong>SBAB<\/strong> som v\u00e4ljer att binda sin bol\u00e5ner\u00e4nta har mer \u00e4n f\u00f6rdubblats p\u00e5 tv\u00e5 m\u00e5nader, \u00e4ven om det fortfarande r\u00f6r sig om en relativt liten andel av totalen.<\/p>\n<p class=\"font-sans text-base text-text-main dark:text-text-main-dark font-normal leading-[1.4]\">I december valde 5% av nya kunder att binda hela eller delar av sina l\u00e5n, j\u00e4mf\u00f6rt med 2% i oktober. <\/p>\n<p class=\"font-sans text-base text-text-main dark:text-text-main-dark font-normal leading-[1.4]\">En f\u00f6rklaring till utvecklingen \u00e4r att skillnaden mellan r\u00f6rlig och bunden r\u00e4nta varit liten den senaste tiden, samtidigt som prognoser pekar p\u00e5 att l\u00e5nga r\u00e4ntor \u00e4r p\u00e5 v\u00e4g upp\u00e5t. <\/p>\n<p class=\"font-sans text-base text-text-main dark:text-text-main-dark font-normal leading-[1.4]\">&#8221;Det inneb\u00e4r att tidsf\u00f6nstret f\u00f6r att binda r\u00e4ntan billigt troligen \u00e4r p\u00e5 v\u00e4g att st\u00e4ngas&#8221;, s\u00e4ger <strong>Linda Hasselvik<\/strong>, privat- och boendeekonom p\u00e5 SBAB, i ett pressmeddelande. <\/p>\n<p class=\"font-sans text-base text-text-main dark:text-text-main-dark font-normal leading-[1.4]\">&#8221;Samtidigt \u00e4r det viktigt att utg\u00e5 fr\u00e5n de egna f\u00f6ruts\u00e4ttningarna n\u00e4r man v\u00e4ljer bindningstid och att komma ih\u00e5g att en prognos \u00e4r just en prognos. F\u00f6r\u00e4ndringar i omv\u00e4rlden kan \u00e4ndra villkoren&#8221;, forts\u00e4tter Hasselvik.<\/p>\n","protected":false},"excerpt":{"rendered":"Andelen kunder hos SBAB som v\u00e4ljer att binda sin bol\u00e5ner\u00e4nta har mer \u00e4n f\u00f6rdubblats p\u00e5 tv\u00e5 m\u00e5nader, \u00e4ven&hellip;\n","protected":false},"author":2,"featured_media":136225,"comment_status":"","ping_status":"","sticky":false,"template":"","format":"standard","meta":{"footnotes":""},"categories":[65],"tags":[5886,72,70,71,729,34,31,33,32,30],"class_list":{"0":"post-136224","1":"post","2":"type-post","3":"status-publish","4":"format-standard","5":"has-post-thumbnail","7":"category-ekonomi","8":"tag-bolanerantor","9":"tag-business","10":"tag-economy","11":"tag-ekonomi","12":"tag-sbab","13":"tag-se","14":"tag-svenska","15":"tag-sverige","16":"tag-sweden","17":"tag-swedish"},"share_on_mastodon":{"url":"https:\/\/pubeurope.com\/@se\/115895536364170604","error":""},"_links":{"self":[{"href":"https:\/\/www.europesays.com\/se\/wp-json\/wp\/v2\/posts\/136224","targetHints":{"allow":["GET"]}}],"collection":[{"href":"https:\/\/www.europesays.com\/se\/wp-json\/wp\/v2\/posts"}],"about":[{"href":"https:\/\/www.europesays.com\/se\/wp-json\/wp\/v2\/types\/post"}],"author":[{"embeddable":true,"href":"https:\/\/www.europesays.com\/se\/wp-json\/wp\/v2\/users\/2"}],"replies":[{"embeddable":true,"href":"https:\/\/www.europesays.com\/se\/wp-json\/wp\/v2\/comments?post=136224"}],"version-history":[{"count":0,"href":"https:\/\/www.europesays.com\/se\/wp-json\/wp\/v2\/posts\/136224\/revisions"}],"wp:featuredmedia":[{"embeddable":true,"href":"https:\/\/www.europesays.com\/se\/wp-json\/wp\/v2\/media\/136225"}],"wp:attachment":[{"href":"https:\/\/www.europesays.com\/se\/wp-json\/wp\/v2\/media?parent=136224"}],"wp:term":[{"taxonomy":"category","embeddable":true,"href":"https:\/\/www.europesays.com\/se\/wp-json\/wp\/v2\/categories?post=136224"},{"taxonomy":"post_tag","embeddable":true,"href":"https:\/\/www.europesays.com\/se\/wp-json\/wp\/v2\/tags?post=136224"}],"curies":[{"name":"wp","href":"https:\/\/api.w.org\/{rel}","templated":true}]}}