{"id":136280,"date":"2026-01-14T22:04:12","date_gmt":"2026-01-14T22:04:12","guid":{"rendered":"https:\/\/www.europesays.com\/se\/136280\/"},"modified":"2026-01-14T22:04:12","modified_gmt":"2026-01-14T22:04:12","slug":"hv71s-general-manager-fredrik-stillman-sjukskriven","status":"publish","type":"post","link":"https:\/\/www.europesays.com\/se\/136280\/","title":{"rendered":"HV71:s general manager Fredrik Stillman sjukskriven"},"content":{"rendered":"<p><strong><a href=\"https:\/\/hockeysverige.se\/klubb\/hv71\" rel=\"nofollow noopener\" target=\"_blank\">HV71<\/a> saknar redan sin ordinarie general manager Bj\u00f6rn Liljander. <br \/>Nu sjukskrivs \u00e4ven klubbens tillf\u00f6rordnade GM Fredrik Stillman. <br \/>\u2013 Den senaste tiden har m\u00e4ngden hat men \u00e4ven hot skickat till v\u00e5ra medarbetare eskalerat, s\u00e4ger klubbdirekt\u00f6r Richard Nylin. <\/strong><\/p>\n<p><img loading=\"lazy\" decoding=\"async\" width=\"1024\" height=\"658\" src=\"https:\/\/www.europesays.com\/se\/wp-content\/uploads\/2026\/01\/Stillman-HV71-1024x658.webp.webp\" alt=\"Fredrik Stillman. HV71.\" class=\"wp-image-345530\"  \/>Fredrik Stillman \u00e4r sjukskriven, meddelar HV71.<strong> Foto:<\/strong> Carl Sandin\/Bildbyr\u00e5n<\/p>\n<p>HV71 \u00e4r i en anstr\u00e4ngd situation i SHL d\u00e5 de ligger n\u00e4st sist i tabellen och riskerar att hamna i kval f\u00f6r tredje s\u00e4songen i rad. <\/p>\n<p><a href=\"https:\/\/hockeysverige.se\/shl\/uppgifter-liljander-borta-pa-obestamd-tid\/\" rel=\"nofollow noopener\" target=\"_blank\">I slutet av oktober<\/a> meddelade klubben att general managern Bj\u00f6rn Liljander blir borta p\u00e5 obest\u00e4md tid p\u00e5 grund av sjukskrivning. I st\u00e4llet klev klubblegendaren Fredrik Stillman in som tillf\u00f6rordnad general manager i Liljanders fr\u00e5nvaro. <\/p>\n<p><a href=\"https:\/\/www.hv71.se\/article\/82nat8v-3iaijd\/view\" rel=\"nofollow noopener\" target=\"_blank\">Nu g\u00e5r HV71 ut <\/a>med att \u00e4ven Stillman sjukskrivs och blir borta tills vidare med utmattningssymptom. <\/p>\n<p>\u2013 Det \u00e4r naturligtvis tr\u00e5kigt och vi f\u00f6rs\u00f6ker st\u00f6tta Fredrik b\u00e5de som arbetsgivare och kollegor. I nul\u00e4get \u00e4r det viktigt att Fredrik f\u00e5r lugn och ro f\u00f6r att f\u00e5 chansen att bli frisk. Att vara General Manager \u00e4r ett sp\u00e4nnande och p\u00e5 m\u00e5nga s\u00e4tt ett utmanande jobb, men n\u00e4r de sportsliga resultaten uteblir kan ocks\u00e5 pressen utifr\u00e5n bli orimligt h\u00f6g. Den senaste tiden har m\u00e4ngden hat men \u00e4ven hot skickat till v\u00e5ra medarbetare eskalerat och det \u00e4r n\u00e5got som vi som arbetsgivare ser allvarligt p\u00e5, s\u00e4ger HV:s klubbdirekt\u00f6r Richard Nylin.<\/p>\n<p>HV71 letar ers\u00e4ttare till Fredrik Stillman<\/p>\n<p>HV71 skriver att klubben h\u00e5ller p\u00e5 att leta efter en l\u00f6sning f\u00f6r att ers\u00e4tta Stillman som general manager.<\/p>\n<p>\u2013 Fr\u00e5n f\u00f6reningens sida jobbar vi sedan en tid tillbaka med att ta fram en policy mot hat, hot och kr\u00e4nkningar. Vi kommer att ha nolltolerans och polisanm\u00e4la det hat och de hot som kommer mot medarbetare och aktiva i organisationen. Vi vill fokusera p\u00e5 v\u00e5r k\u00e4rnverksamhet och skapa framg\u00e5ng f\u00f6r HV71, s\u00e4ger klubbens ordf\u00f6rande Anna-Lena Isaksson. <\/p>\n<p><a href=\"https:\/\/hockeysverige.se\/shl\/richard-nylin-klubbdirektor-for-hv71-lamnar\/\" rel=\"nofollow noopener\" target=\"_blank\">F\u00f6rra veckan meddelade<\/a> \u00e4ven HV71 att Richard Nylin slutar som klubbdirekt\u00f6r och kommer att l\u00e4mna sin post den 31 mars.<\/p>\n<p> Source: <a href=\"https:\/\/www.eliteprospects.com\/league\/shl\" target=\"_blank\" rel=\"noopener noreferrer nofollow\">SHL League Page<\/a> @ Elite Prospects<\/p>\n","protected":false},"excerpt":{"rendered":"HV71 saknar redan sin ordinarie general manager Bj\u00f6rn Liljander. Nu sjukskrivs \u00e4ven klubbens tillf\u00f6rordnade GM Fredrik Stillman. \u2013&hellip;\n","protected":false},"author":2,"featured_media":136281,"comment_status":"","ping_status":"","sticky":false,"template":"","format":"standard","meta":{"footnotes":""},"categories":[5],"tags":[22,23,26,27,17,21,24,25,28,29,15,16,18,34,133,134,31,33,32,30,19,20],"class_list":{"0":"post-136280","1":"post","2":"type-post","3":"status-publish","4":"format-standard","5":"has-post-thumbnail","7":"category-rubriker","8":"tag-breaking-news","9":"tag-breakingnews","10":"tag-featured-news","11":"tag-featurednews","12":"tag-headlines","13":"tag-huvudnyheter","14":"tag-latest-news","15":"tag-latestnews","16":"tag-main-news","17":"tag-mainnews","18":"tag-news","19":"tag-nyheter","20":"tag-rubriker","21":"tag-se","22":"tag-second-news","23":"tag-shl","24":"tag-svenska","25":"tag-sverige","26":"tag-sweden","27":"tag-swedish","28":"tag-top-stories","29":"tag-topstories"},"share_on_mastodon":{"url":"https:\/\/pubeurope.com\/@se\/115895721186741644","error":""},"_links":{"self":[{"href":"https:\/\/www.europesays.com\/se\/wp-json\/wp\/v2\/posts\/136280","targetHints":{"allow":["GET"]}}],"collection":[{"href":"https:\/\/www.europesays.com\/se\/wp-json\/wp\/v2\/posts"}],"about":[{"href":"https:\/\/www.europesays.com\/se\/wp-json\/wp\/v2\/types\/post"}],"author":[{"embeddable":true,"href":"https:\/\/www.europesays.com\/se\/wp-json\/wp\/v2\/users\/2"}],"replies":[{"embeddable":true,"href":"https:\/\/www.europesays.com\/se\/wp-json\/wp\/v2\/comments?post=136280"}],"version-history":[{"count":0,"href":"https:\/\/www.europesays.com\/se\/wp-json\/wp\/v2\/posts\/136280\/revisions"}],"wp:featuredmedia":[{"embeddable":true,"href":"https:\/\/www.europesays.com\/se\/wp-json\/wp\/v2\/media\/136281"}],"wp:attachment":[{"href":"https:\/\/www.europesays.com\/se\/wp-json\/wp\/v2\/media?parent=136280"}],"wp:term":[{"taxonomy":"category","embeddable":true,"href":"https:\/\/www.europesays.com\/se\/wp-json\/wp\/v2\/categories?post=136280"},{"taxonomy":"post_tag","embeddable":true,"href":"https:\/\/www.europesays.com\/se\/wp-json\/wp\/v2\/tags?post=136280"}],"curies":[{"name":"wp","href":"https:\/\/api.w.org\/{rel}","templated":true}]}}