{"id":136300,"date":"2026-01-14T22:27:11","date_gmt":"2026-01-14T22:27:11","guid":{"rendered":"https:\/\/www.europesays.com\/se\/136300\/"},"modified":"2026-01-14T22:27:11","modified_gmt":"2026-01-14T22:27:11","slug":"det-var-politikernas-framsta-budskap-under-debatten-senaste-nytt-om-valet-2026-svt-nyheter","status":"publish","type":"post","link":"https:\/\/www.europesays.com\/se\/136300\/","title":{"rendered":"Det var politikernas fr\u00e4msta budskap under debatten \u2013 Senaste nytt om valet 2026 &#8211; SVT Nyheter"},"content":{"rendered":"<ol>\n<li><a href=\"https:\/\/news.google.com\/rss\/articles\/CBMioAFBVV95cUxPMWFIbmRGX05oTVEtdDRvVWdVNktmdDc2TUpFMUozb0FLZnJ4blZRb2UyOTB5cjdodVFmcldHM0pScmdnOW1UaWZQX1o2ZXMzaHI5RmVtRXZYd2Zybm9NR0JaeUg1V1FhNXVJTWo4cElTMjJPN1djV0pQV1hJRl9WLWdYOXoxZmdLS0plbFpzd0JicDhtQ29wNjdETXo3VFVE?oc=5\" target=\"_blank\" rel=\"nofollow noopener\">Det var politikernas fr\u00e4msta budskap under debatten \u2013 Senaste nytt om valet 2026<\/a>&nbsp;&nbsp;SVT Nyheter<\/li>\n<li><a href=\"https:\/\/news.google.com\/rss\/articles\/CBMilgFBVV95cUxQeUhPdXhNUUMyaE9VbUVGYVY1Y0luM1BLdGJVSkVtaS1IZnBnWG5SNThsR2ZLdDItRm1xVmpiQTVvWndlemMxdFFUYjF5azdEMjNEbm9ldTNXMUVRdkdZR2ZPeEJMVmhLVGIyU2s5Q1QtOUZkZ1FqMmFudEJnNEN6TS1nQnZyQVRyLUg1ZVJ3YjdjUzNld1E?oc=5\" target=\"_blank\" rel=\"nofollow noopener\">Blockbytarna avg\u00f6r valet 2026 \u2013 bostadsfr\u00e5gan f\u00f6rblir undanpressad<\/a>&nbsp;&nbsp;Bostadspolitik<\/li>\n<li><a href=\"https:\/\/news.google.com\/rss\/articles\/CBMioAFBVV95cUxNSHNWYjZkcDMwOU1YSFVkeFVMWE91UlgwVEdNUW56cHVtZjkwR0VZdU5QWTJHTndsdnUyaGZPUVNFSG9LUDdiMXlCLU5fckd0djJhLS12Rm1oazY5dmNtZXA4R3hwRGRIY0JBenFCYzlDZ19vTEtmMzRjTGdsUFprUThTNlNnREZMQ2dnTHdnUzBDWUJkMDJSenhpdzFqcm9P?oc=5\" target=\"_blank\" rel=\"nofollow noopener\">S\u00e5 s\u00e4nder SVT kv\u00e4llens partiledardebatt \u2013 Senaste nytt om valet 2026<\/a>&nbsp;&nbsp;SVT Nyheter<\/li>\n<li><a href=\"https:\/\/news.google.com\/rss\/articles\/CBMilAFBVV95cUxQUlljRGRpRG1HTlEtNnVkZnRfc2VUb2F2M0hERENINDFZd1NuLWJuRzhTN0IyQ0dPZERLakhsOVRiRHNOOTBKQnY1OG96cUQzVXhXcklxZWREeG9vRFVLajgtZUl2NGcydmFHOWRGSlVvMXZpMl92MWJhQ0xjaXd3QlhyaUdkSWx5ZGhtR085cm45RWVI?oc=5\" target=\"_blank\" rel=\"nofollow noopener\">Dessa l\u00e4nder h\u00e5ller val under 2026 \u2013 och det st\u00e5r p\u00e5 spel<\/a>&nbsp;&nbsp;Altinget.se<\/li>\n<li><a href=\"https:\/\/news.google.com\/rss\/articles\/CBMirwFBVV95cUxOcm5CZXpYWjg3eURqN0VlVS1BRHJCa3RyRGJiOGc3UU1rUlpmSEVjZTBzdzI4S2lQQTFkYlpLYm5WN3BhRWVJbXl1OXRKQm5tTjFkSnZEclpzX0phMWtvV1J1TlpLdWgzeGVHT3NkVHlDSHM4d3RhOGdieS0tejN3S0Q1UDA5Rjdab2x5aFlLMWt6WUl3bU5UdEZveV9vUUxXVXY0RHJUME4wSkVVV3JB?oc=5\" target=\"_blank\" rel=\"nofollow noopener\">Tv\u00e5 fr\u00e5gor avg\u00f6r valet 2026: klimatet och nazism<\/a>&nbsp;&nbsp;magasinetparagraf.se<\/li>\n<\/ol>\n","protected":false},"excerpt":{"rendered":"Det var politikernas fr\u00e4msta budskap under debatten \u2013 Senaste nytt om valet 2026&nbsp;&nbsp;SVT Nyheter Blockbytarna avg\u00f6r valet 2026&hellip;\n","protected":false},"author":2,"featured_media":136206,"comment_status":"","ping_status":"","sticky":false,"template":"","format":"standard","meta":{"footnotes":""},"categories":[12],"tags":[22,23,26,27,17,21,24,25,28,29,15,16,18,34,31,33,32,30,19,20],"class_list":{"0":"post-136300","1":"post","2":"type-post","3":"status-publish","4":"format-standard","5":"has-post-thumbnail","7":"category-sverige","8":"tag-breaking-news","9":"tag-breakingnews","10":"tag-featured-news","11":"tag-featurednews","12":"tag-headlines","13":"tag-huvudnyheter","14":"tag-latest-news","15":"tag-latestnews","16":"tag-main-news","17":"tag-mainnews","18":"tag-news","19":"tag-nyheter","20":"tag-rubriker","21":"tag-se","22":"tag-svenska","23":"tag-sverige","24":"tag-sweden","25":"tag-swedish","26":"tag-top-stories","27":"tag-topstories"},"share_on_mastodon":{"url":"https:\/\/pubeurope.com\/@se\/115895811703734970","error":""},"_links":{"self":[{"href":"https:\/\/www.europesays.com\/se\/wp-json\/wp\/v2\/posts\/136300","targetHints":{"allow":["GET"]}}],"collection":[{"href":"https:\/\/www.europesays.com\/se\/wp-json\/wp\/v2\/posts"}],"about":[{"href":"https:\/\/www.europesays.com\/se\/wp-json\/wp\/v2\/types\/post"}],"author":[{"embeddable":true,"href":"https:\/\/www.europesays.com\/se\/wp-json\/wp\/v2\/users\/2"}],"replies":[{"embeddable":true,"href":"https:\/\/www.europesays.com\/se\/wp-json\/wp\/v2\/comments?post=136300"}],"version-history":[{"count":0,"href":"https:\/\/www.europesays.com\/se\/wp-json\/wp\/v2\/posts\/136300\/revisions"}],"wp:featuredmedia":[{"embeddable":true,"href":"https:\/\/www.europesays.com\/se\/wp-json\/wp\/v2\/media\/136206"}],"wp:attachment":[{"href":"https:\/\/www.europesays.com\/se\/wp-json\/wp\/v2\/media?parent=136300"}],"wp:term":[{"taxonomy":"category","embeddable":true,"href":"https:\/\/www.europesays.com\/se\/wp-json\/wp\/v2\/categories?post=136300"},{"taxonomy":"post_tag","embeddable":true,"href":"https:\/\/www.europesays.com\/se\/wp-json\/wp\/v2\/tags?post=136300"}],"curies":[{"name":"wp","href":"https:\/\/api.w.org\/{rel}","templated":true}]}}