{"id":136301,"date":"2026-01-14T22:28:14","date_gmt":"2026-01-14T22:28:14","guid":{"rendered":"https:\/\/www.europesays.com\/se\/136301\/"},"modified":"2026-01-14T22:28:14","modified_gmt":"2026-01-14T22:28:14","slug":"pingisbasen-som-brakade-med-truls-lamnar-sitt-uppdrag-skanska-dagbladet","status":"publish","type":"post","link":"https:\/\/www.europesays.com\/se\/136301\/","title":{"rendered":"Pingisbasen som br\u00e5kade med Truls l\u00e4mnar sitt uppdrag &#8211; Sk\u00e5nska Dagbladet"},"content":{"rendered":"<ol>\n<li><a href=\"https:\/\/news.google.com\/rss\/articles\/CBMijAFBVV95cUxNODBKRzJVazU3eW16cXV5a3MxeUViWFRMWC1VRW1ReThZU0RKVDZtNXUzbER4dmhtYkNUS0ZBaTk2TFRmZFB6Y0xGdFRHSVA2LWFLaHZqLWVzRXNqT0NNREVKbzFONzVzeGk3WEtzOHluRWdmaVFPNERrbTh4am9ab3FRUHJXdHFQVndlTA?oc=5\" target=\"_blank\" rel=\"nofollow noopener\">Pingisbasen som br\u00e5kade med Truls l\u00e4mnar sitt uppdrag<\/a>&nbsp;&nbsp;Sk\u00e5nska Dagbladet<\/li>\n<li><a href=\"https:\/\/news.google.com\/rss\/articles\/CBMipwFBVV95cUxPY1JDbW9CdUY4RlNDVzJmal9pWlVWcUdJZXY0VFh0TzZ4RFhRYUNzYmdmSEFacV91VXdSaDVOc2VNUUYzUTMxeDI1M0UtbWRDY2JfcTJ5RUFFWGRxTVVLU2VfRXR5aTdrZkVtQ0hwTWRWZE5nMkh5NDNwdUhZTG1rQlVjZ3JfdDhUY2drSEEzN3RGVkxrcDJydjF0aEdSb1lGMnN1dmZlRQ?oc=5\" target=\"_blank\" rel=\"nofollow noopener\">L\u00e4mnar pingisf\u00f6rbundet \u2013 efter \u00e5tta \u00e5r: \u201dStolt\u201d<\/a>&nbsp;&nbsp;Aftonbladet<\/li>\n<li><a href=\"https:\/\/news.google.com\/rss\/articles\/CBMiaEFVX3lxTFBXekpCb19KQlBDWmZlRXM5bUVDWkhxYmk3MEFwb042ZEhmTHNZS1F4UWpMNXlmRExhWGNiSzlDMW03LXIya1FUV0VxYWJ1elZCVUNSTklYRklFUzY3SVBCU1BsN0wzYWxH?oc=5\" target=\"_blank\" rel=\"nofollow noopener\">Thomas Buza mot nya utmaningar<\/a>&nbsp;&nbsp;Svenska Bordtennisf\u00f6rbundet \u2013 SBTF<\/li>\n<li><a href=\"https:\/\/news.google.com\/rss\/articles\/CBMirgFBVV95cUxPTGpNTGZuamprRDNmMDVVRUdsa1hGTlRPWTdnSWV0anhVdndPNkZhaGluN0RmcnFWT1VUM2ZTaUZibEt2UG5yQ01aaEh1VE9EUG14RGxJLV9ueXhCZFF5WklpWUVSYzNrZXM2cEt5TXE0ajVGTFdWR0lKRGF4dk5RVkM5MGRNejc2dmQwLXdIeHZuVEJRVnlOZm5RTWZiS0JpU2dRTm5RMVFNbW1DRXc?oc=5\" target=\"_blank\" rel=\"nofollow noopener\">Ytterligare en svensk f\u00e5r toppjobb inom pingisen<\/a>&nbsp;&nbsp;GP<\/li>\n<li><a href=\"https:\/\/news.google.com\/rss\/articles\/CBMixAFBVV95cUxPVUh1SnNlNElFaGh6ZGdrdHF0cEJhQ3FlR1F1ckNZbHd6UTZzVVhjMFZMVllTTGZNazdkakx4V2Zwak1DbDUzMjgtVExXNUJyZ3pFNVV3d3BGeEFTWmtXQVlVZ0NYUFI5TXZnbVl2YXNJT25RdnVlRWxMbS14bW50NWluMUo5NHlGUjRpOWJuVGRoQTQxdklxSU1BTmFjdHFBR1JUN0pwOUtQcTVTeDZWa2Faa3F0OElsUm9wQU96OHZrN3hR?oc=5\" target=\"_blank\" rel=\"nofollow noopener\">Stefan Bergh l\u00e4mnar tj\u00e4nsten som generalsekreterare<\/a>&nbsp;&nbsp;Mynewsdesk<\/li>\n<\/ol>\n","protected":false},"excerpt":{"rendered":"Pingisbasen som br\u00e5kade med Truls l\u00e4mnar sitt uppdrag&nbsp;&nbsp;Sk\u00e5nska Dagbladet L\u00e4mnar pingisf\u00f6rbundet \u2013 efter \u00e5tta \u00e5r: \u201dStolt\u201d&nbsp;&nbsp;Aftonbladet Thomas Buza&hellip;\n","protected":false},"author":2,"featured_media":136302,"comment_status":"","ping_status":"","sticky":false,"template":"","format":"standard","meta":{"footnotes":""},"categories":[5],"tags":[22,23,26,27,17,21,24,25,28,29,15,16,18,34,31,33,32,30,19,20],"class_list":{"0":"post-136301","1":"post","2":"type-post","3":"status-publish","4":"format-standard","5":"has-post-thumbnail","7":"category-rubriker","8":"tag-breaking-news","9":"tag-breakingnews","10":"tag-featured-news","11":"tag-featurednews","12":"tag-headlines","13":"tag-huvudnyheter","14":"tag-latest-news","15":"tag-latestnews","16":"tag-main-news","17":"tag-mainnews","18":"tag-news","19":"tag-nyheter","20":"tag-rubriker","21":"tag-se","22":"tag-svenska","23":"tag-sverige","24":"tag-sweden","25":"tag-swedish","26":"tag-top-stories","27":"tag-topstories"},"share_on_mastodon":{"url":"https:\/\/pubeurope.com\/@se\/115895815568832624","error":""},"_links":{"self":[{"href":"https:\/\/www.europesays.com\/se\/wp-json\/wp\/v2\/posts\/136301","targetHints":{"allow":["GET"]}}],"collection":[{"href":"https:\/\/www.europesays.com\/se\/wp-json\/wp\/v2\/posts"}],"about":[{"href":"https:\/\/www.europesays.com\/se\/wp-json\/wp\/v2\/types\/post"}],"author":[{"embeddable":true,"href":"https:\/\/www.europesays.com\/se\/wp-json\/wp\/v2\/users\/2"}],"replies":[{"embeddable":true,"href":"https:\/\/www.europesays.com\/se\/wp-json\/wp\/v2\/comments?post=136301"}],"version-history":[{"count":0,"href":"https:\/\/www.europesays.com\/se\/wp-json\/wp\/v2\/posts\/136301\/revisions"}],"wp:featuredmedia":[{"embeddable":true,"href":"https:\/\/www.europesays.com\/se\/wp-json\/wp\/v2\/media\/136302"}],"wp:attachment":[{"href":"https:\/\/www.europesays.com\/se\/wp-json\/wp\/v2\/media?parent=136301"}],"wp:term":[{"taxonomy":"category","embeddable":true,"href":"https:\/\/www.europesays.com\/se\/wp-json\/wp\/v2\/categories?post=136301"},{"taxonomy":"post_tag","embeddable":true,"href":"https:\/\/www.europesays.com\/se\/wp-json\/wp\/v2\/tags?post=136301"}],"curies":[{"name":"wp","href":"https:\/\/api.w.org\/{rel}","templated":true}]}}