{"id":136311,"date":"2026-01-14T22:38:10","date_gmt":"2026-01-14T22:38:10","guid":{"rendered":"https:\/\/www.europesays.com\/se\/136311\/"},"modified":"2026-01-14T22:38:10","modified_gmt":"2026-01-14T22:38:10","slug":"bjorkloven-tappar-mot-kalmar-utan-tranaren-magnus-bogren","status":"publish","type":"post","link":"https:\/\/www.europesays.com\/se\/136311\/","title":{"rendered":"Bj\u00f6rkl\u00f6ven tappar mot Kalmar utan tr\u00e4naren Magnus Bogren"},"content":{"rendered":"<p><strong>Magnus Bogren saknades i b\u00e5set f\u00f6r <a href=\"https:\/\/hockeysverige.se\/klubb\/if-bjorkloven\" rel=\"nofollow noopener\" target=\"_blank\">Bj\u00f6rkl\u00f6ven<\/a> i toppm\u00f6tet mot <a href=\"https:\/\/hockeysverige.se\/klubb\/kalmar-hc\" rel=\"nofollow noopener\" target=\"_blank\">Kalmar<\/a>. <br \/>D\u00e5 tappade \u201dL\u00f6ven\u201d en 2-0-ledning till f\u00f6rlust 2-3. <br \/>\u2013 Det kan nog bli en utsk\u00e4llning som heter duga av Magnus Bogren, s\u00e4ger TV4:s kommentator Lars Lindberg. <\/strong><\/p>\n<p><img loading=\"lazy\" decoding=\"async\" width=\"1024\" height=\"658\" src=\"https:\/\/www.europesays.com\/se\/wp-content\/uploads\/2026\/01\/Bjorkloven-Kalmar-1024x658.webp.webp\" alt=\"Bj\u00f6rkl\u00f6ven. Kalmar. Magnus Bogren.\" class=\"wp-image-345555\"  \/>Bj\u00f6rkl\u00f6ven tappar till f\u00f6rlust mot Kalmar, n\u00e4r Magnus Bogren saknades i b\u00e5set. <strong>Foto: <\/strong>Bildbyr\u00e5n &amp; TV4\/Sk\u00e4rmdump (Montage)<\/p>\n<p>I kv\u00e4ll st\u00e4lldes serieledande Bj\u00f6rkl\u00f6ven mot tabelltv\u00e5an Kalmar f\u00f6r fj\u00e4rde och sista g\u00e5ngen under grundserien i <a href=\"https:\/\/hockeysverige.se\/hockeyallsvenskan\" rel=\"nofollow noopener\" target=\"_blank\">HockeyAllsvenskan<\/a>. Bj\u00f6rkl\u00f6ven hade vunnit tv\u00e5 av de tidigare m\u00f6tena (3-2 och 6-3) medan Kalmar vunnit en match (4-2). <\/p>\n<p>Under kv\u00e4llens toppm\u00f6te fick \u201dL\u00f6ven\u201d dock klara sig utan huvudtr\u00e4naren Magnus Bogren i b\u00e5set. Tr\u00e4naren har nyligen opererats och satt d\u00e4rf\u00f6r i tr\u00e4narrummet och s\u00e5g matchen p\u00e5 TV. <\/p>\n<p>\u2013 Det \u00e4r helt okej med mig. Det var ett litet ingrepp som var tvunget att g\u00f6ras, som var planerat. Det \u00e4r klart att det k\u00e4nns lite i dag och d\u00e4rf\u00f6r k\u00e4nner jag att jag inte kan vara i b\u00e5set. Jag \u00e4r r\u00e4dd att det sm\u00e4rtar f\u00f6r mycket, s\u00e4ger Bogren till TV4 under f\u00f6rsta periodens powerbreak och forts\u00e4tter: <br \/>\u2013 Jag \u00e4r ganska lugn. Jag sitter h\u00e4r och antecknar lite n\u00e4r jag ser saker som jag tycker att vi beh\u00f6ver ta upp i paus. Det f\u00e5r jag ta med \u201dDanne\u201d (Rahimi) och Stefan (\u00d6hman) sen.<\/p>\n<p>Bj\u00f6rkl\u00f6ven tappade 2-0 till 2-3 mot Kalmar<\/p>\n<p>Fr\u00e5n sin plats i tr\u00e4narrummet fick Bogren sedan se sitt Bj\u00f6rkl\u00f6ven ta ledningen med 1-0 i slutet av f\u00f6rsta perioden. Gustav Possler klev fram och satte ledningsm\u00e5let till hemmalaget. I b\u00f6rjan av andra perioden ut\u00f6kade \u201dL\u00f6ven\u201d sin ledning n\u00e4r Lule\u00e5-l\u00e5net <a href=\"https:\/\/hockeysverige.se\/spelare\/jakob-ihs-wozniak\" rel=\"nofollow noopener\" target=\"_blank\">Jakob Ihs-Wozniak<\/a> blev m\u00e5lskytt. Efter 2-0-m\u00e5let lyfte d\u00e4remot Kalmar upp sitt spel och tog \u00f6ver matchen mer och mer. De fick \u00e4ven kontakt n\u00e4r Matthew Struthers h\u00f6ll sig framme och reducerade i powerplay. <\/p>\n<p>I tredje perioden var det sedan Kalmar som tog \u00f6ver matchbilden helt och h\u00e5llet och skapade m\u00e4ngder med chanser ner mot Bj\u00f6rkl\u00f6vens m\u00e5lvakt Frans Tuohimaa. Finl\u00e4ndaren stod f\u00f6r flera h\u00f6gkvalificerade r\u00e4ddningar men kunde inte stoppa allt. Mathias Wigley kunde d\u00e4rmed kvittera f\u00f6r 2-2 i toppm\u00f6tet. Kalmars fina spel gav till slut ocks\u00e5 utdelning n\u00e4r Matt Fonteyne styrde in ett skott och fullbordade bortalagets v\u00e4ndning f\u00f6r 3-2 till sm\u00e5l\u00e4nningarna med bara drygt fem minuter kvar.<\/p>\n<p>\u2013 Magnus Bogren sitter d\u00e4r inne med v\u00e4rk i kn\u00e4t och n\u00e4r Bj\u00f6rkl\u00f6ven-spelarna kommer in i omkl\u00e4dningsrummet efter att ha tappat 2-0 och sl\u00e4ppt till s\u00e5 mycket chanser. D\u00e5 kan det nog bli en utsk\u00e4llning som heter duga, s\u00e4ger TV4:s kommentator Lars Lindberg i s\u00e4ndningen.<\/p>\n<p>Bj\u00f6rkl\u00f6ven inledde sedan jakten p\u00e5 en kvittering efter att ha tappat matchen. Kalmar, med m\u00e5lvakten Jacob Crespin i spetsen, h\u00f6ll d\u00e4remot t\u00e4tt under slutminuterna. Kalmar st\u00e5r d\u00e4rmed f\u00f6r ett rej\u00e4lt \u201dstatement\u201d genom att vinna r\u00e4ttvist borta mot Bj\u00f6rkl\u00f6ven uppe i Ume\u00e5. Tabelltv\u00e5an Kalmar \u00e4r nu bara fyra po\u00e4ng bakom \u201dL\u00f6ven\u201d, med en match mindre spelad.  <\/p>\n<p><strong>Bj\u00f6rkl\u00f6ven \u2013 Kalmar 2\u20133 (1-0,1-1,0-2)<\/strong><\/p>\n<p><strong>Bj\u00f6rkl\u00f6ven:<\/strong> Gustav Possler, Jakob Ihs-Wozniak. <br \/><strong>Kalmar:<\/strong> Matthew Struthers, Mathias Wigley, Matt Fonteyne. <\/p>\n<p> Source: <a href=\"https:\/\/www.eliteprospects.com\/league\/hockeyallsvenskan\" target=\"_blank\" rel=\"noopener noreferrer nofollow\">HOCKEYALLSVENSKAN League Page<\/a> @ Elite Prospects<\/p>\n","protected":false},"excerpt":{"rendered":"Magnus Bogren saknades i b\u00e5set f\u00f6r Bj\u00f6rkl\u00f6ven i toppm\u00f6tet mot Kalmar. D\u00e5 tappade \u201dL\u00f6ven\u201d en 2-0-ledning till f\u00f6rlust&hellip;\n","protected":false},"author":2,"featured_media":136312,"comment_status":"","ping_status":"","sticky":false,"template":"","format":"standard","meta":{"footnotes":""},"categories":[68],"tags":[621,34,111,110,31,33,32,30,379],"class_list":{"0":"post-136311","1":"post","2":"type-post","3":"status-publish","4":"format-standard","5":"has-post-thumbnail","7":"category-sport","8":"tag-hockeyallsvenskan","9":"tag-se","10":"tag-sport","11":"tag-sports","12":"tag-svenska","13":"tag-sverige","14":"tag-sweden","15":"tag-swedish","16":"tag-top-article"},"share_on_mastodon":{"url":"https:\/\/pubeurope.com\/@se\/115895854948146980","error":""},"_links":{"self":[{"href":"https:\/\/www.europesays.com\/se\/wp-json\/wp\/v2\/posts\/136311","targetHints":{"allow":["GET"]}}],"collection":[{"href":"https:\/\/www.europesays.com\/se\/wp-json\/wp\/v2\/posts"}],"about":[{"href":"https:\/\/www.europesays.com\/se\/wp-json\/wp\/v2\/types\/post"}],"author":[{"embeddable":true,"href":"https:\/\/www.europesays.com\/se\/wp-json\/wp\/v2\/users\/2"}],"replies":[{"embeddable":true,"href":"https:\/\/www.europesays.com\/se\/wp-json\/wp\/v2\/comments?post=136311"}],"version-history":[{"count":0,"href":"https:\/\/www.europesays.com\/se\/wp-json\/wp\/v2\/posts\/136311\/revisions"}],"wp:featuredmedia":[{"embeddable":true,"href":"https:\/\/www.europesays.com\/se\/wp-json\/wp\/v2\/media\/136312"}],"wp:attachment":[{"href":"https:\/\/www.europesays.com\/se\/wp-json\/wp\/v2\/media?parent=136311"}],"wp:term":[{"taxonomy":"category","embeddable":true,"href":"https:\/\/www.europesays.com\/se\/wp-json\/wp\/v2\/categories?post=136311"},{"taxonomy":"post_tag","embeddable":true,"href":"https:\/\/www.europesays.com\/se\/wp-json\/wp\/v2\/tags?post=136311"}],"curies":[{"name":"wp","href":"https:\/\/api.w.org\/{rel}","templated":true}]}}