{"id":136313,"date":"2026-01-14T22:43:25","date_gmt":"2026-01-14T22:43:25","guid":{"rendered":"https:\/\/www.europesays.com\/se\/136313\/"},"modified":"2026-01-14T22:43:25","modified_gmt":"2026-01-14T22:43:25","slug":"svd-podd-politiken-maria-malmer-stenegards-hopploshet","status":"publish","type":"post","link":"https:\/\/www.europesays.com\/se\/136313\/","title":{"rendered":"SvD Podd Politiken Maria Malmer Stenegards hoppl\u00f6shet"},"content":{"rendered":"<p><img decoding=\"async\" src=\"https:\/\/www.europesays.com\/se\/wp-content\/uploads\/2025\/08\/9e65d5cde236a34c78b5487153efe2b6.jpg\" alt=\"411. &quot;Hon s\u00e5g verkligen inte hoppfull ut&quot;\" width=\"80\" height=\"80\" loading=\"lazy\" class=\"PodImage-www__sc-a1ppsw-2 ilhaSX\"\/><\/p>\n<p>Politiken &#8211;  38 min411. &#8221;Hon s\u00e5g verkligen inte hoppfull ut&#8221;<\/p>\n<p class=\"PodDescription-www__sc-a1ppsw-15 ehTUYm\">Det \u00e4r \u00e5rets f\u00f6rsta ordinarie podd och konferensen Folk och F\u00f6rsvar p\u00e5g\u00e5r i S\u00e4len. Torbj\u00f6rn Nilsson \u00e4r p\u00e5 plats och talat inf\u00f6r Kungen, kronprinsessan Victoria och Ebba Busch. Men han \u00e4r mest tagen av utrikesministern Maria Malmer Stenergards svar p\u00e5 fr\u00e5gan om hon \u00e4r hoppfull. Henrik Torehammar \u00e4r kvar i Stockholm och funderar \u00f6ver veckans djur, \u00e4r det S\u00e4len, bj\u00f6rnen eller r\u00e5ttan? <\/p>\n<p>Maggie Str\u00f6mberg skriver bok.<br \/>\nHar du missat v\u00e5r serie om Jimmie \u00c5kesson? Om du g\u00e5r in p\u00e5 svd.se\/maggietorbj\u00f6rn f\u00e5r du ett extra  bra pris och kan lyssna p\u00e5 alla avsnitt i appen.<\/p>\n<p>Torbj\u00f6rn Nilsson \u00e4r p\u00e5 plats och talat inf\u00f6r Kungen, kronprinsessan Victoria och Ebba Busch. Men han \u00e4r mest tagen av utrikesministern Maria Malmer Stenergards svar p\u00e5 fr\u00e5gan om hon \u00e4r hoppfull. Henrik Torehammar \u00e4r kvar i Stockholm och funderar \u00f6ver veckans djur, \u00e4r det S\u00e4len, bj\u00f6rnen eller r\u00e5ttan? <\/p>\n<p>Maggie Str\u00f6mberg skriver bok. <\/p>\n<p>I SvD:s podd Politiken f\u00e5r du hj\u00e4lp att ligga steget f\u00f6re i svensk inrikespolitik. Nya avsnitt varje tisdag och fredag.<\/p>\n<p>Lyssna p\u00e5 Politiken<\/p>\n<p>Politiken produceras av Svenska Dagbladet. F\u00f6rutom att lyssna h\u00e4r p\u00e5 SvD.se kan du \u00e4ven h\u00f6ra podden i f\u00f6ljande kanaler:<\/p>\n<p>Hitta podcasten genom att s\u00f6ka efter \u201dPolitiken\u201d \u2013 eller klicka p\u00e5 l\u00e4nkarna.<\/p>\n","protected":false},"excerpt":{"rendered":"Politiken &#8211; 38 min411. &#8221;Hon s\u00e5g verkligen inte hoppfull ut&#8221; Det \u00e4r \u00e5rets f\u00f6rsta ordinarie podd och konferensen&hellip;\n","protected":false},"author":2,"featured_media":136314,"comment_status":"","ping_status":"","sticky":false,"template":"","format":"standard","meta":{"footnotes":""},"categories":[12],"tags":[22,23,26,27,17,21,24,25,28,29,15,16,18,34,31,33,32,30,19,20],"class_list":{"0":"post-136313","1":"post","2":"type-post","3":"status-publish","4":"format-standard","5":"has-post-thumbnail","7":"category-sverige","8":"tag-breaking-news","9":"tag-breakingnews","10":"tag-featured-news","11":"tag-featurednews","12":"tag-headlines","13":"tag-huvudnyheter","14":"tag-latest-news","15":"tag-latestnews","16":"tag-main-news","17":"tag-mainnews","18":"tag-news","19":"tag-nyheter","20":"tag-rubriker","21":"tag-se","22":"tag-svenska","23":"tag-sverige","24":"tag-sweden","25":"tag-swedish","26":"tag-top-stories","27":"tag-topstories"},"share_on_mastodon":{"url":"https:\/\/pubeurope.com\/@se\/115895874645407780","error":""},"_links":{"self":[{"href":"https:\/\/www.europesays.com\/se\/wp-json\/wp\/v2\/posts\/136313","targetHints":{"allow":["GET"]}}],"collection":[{"href":"https:\/\/www.europesays.com\/se\/wp-json\/wp\/v2\/posts"}],"about":[{"href":"https:\/\/www.europesays.com\/se\/wp-json\/wp\/v2\/types\/post"}],"author":[{"embeddable":true,"href":"https:\/\/www.europesays.com\/se\/wp-json\/wp\/v2\/users\/2"}],"replies":[{"embeddable":true,"href":"https:\/\/www.europesays.com\/se\/wp-json\/wp\/v2\/comments?post=136313"}],"version-history":[{"count":0,"href":"https:\/\/www.europesays.com\/se\/wp-json\/wp\/v2\/posts\/136313\/revisions"}],"wp:featuredmedia":[{"embeddable":true,"href":"https:\/\/www.europesays.com\/se\/wp-json\/wp\/v2\/media\/136314"}],"wp:attachment":[{"href":"https:\/\/www.europesays.com\/se\/wp-json\/wp\/v2\/media?parent=136313"}],"wp:term":[{"taxonomy":"category","embeddable":true,"href":"https:\/\/www.europesays.com\/se\/wp-json\/wp\/v2\/categories?post=136313"},{"taxonomy":"post_tag","embeddable":true,"href":"https:\/\/www.europesays.com\/se\/wp-json\/wp\/v2\/tags?post=136313"}],"curies":[{"name":"wp","href":"https:\/\/api.w.org\/{rel}","templated":true}]}}