{"id":136315,"date":"2026-01-14T22:44:08","date_gmt":"2026-01-14T22:44:08","guid":{"rendered":"https:\/\/www.europesays.com\/se\/136315\/"},"modified":"2026-01-14T22:44:08","modified_gmt":"2026-01-14T22:44:08","slug":"nagot-ar-sjukt-i-hv71","status":"publish","type":"post","link":"https:\/\/www.europesays.com\/se\/136315\/","title":{"rendered":"N\u00e5got \u00e4r sjukt i HV71"},"content":{"rendered":"<p>Vad \u00e4r det som h\u00e4nder i HV71? Jag har naturligtvis inte hela bakgrunden, men:<\/p>\n<p>Vad i helsike \u00e4r det som h\u00e4nder i HV71?<\/p>\n<p>F\u00f6rst tvingades GM<b> Bj\u00f6rn Liljander<\/b> sjukskriva sig, han \u00e4r \u00e4nnu inte tillbaka, m\u00e5r inte bra nog f\u00f6r att \u00e5terv\u00e4nda i tj\u00e4nst.<\/p>\n<p>Nu meddelar HV71 att \u00e4ven ers\u00e4ttaren <b>Fredrik Stillman<\/b> \u00e4r sjukskriven med utmattningssyndrom.<\/p>\n<p>Nog f\u00f6r att HV71:s l\u00e4ge i tabellen \u00e4ven denna s\u00e4song \u00e4r d\u00e5ligt, att situationen \u00e4r utsatt, oron f\u00f6r kvalspel stor, men \u2026. tv\u00e5 sjukskrivna general managers inom loppet av n\u00e5gra m\u00e5nader?<\/p>\n<p>Dessutom \u2013 nyligen meddelade klubbdirekt\u00f6ren <b>Richard Nylin<\/b> att han slutar, dock f\u00f6rst efter s\u00e4songen. \u00a0<\/p>\n<p>Det \u00e4r n\u00e5got som \u00e4r sjukt i HV71, den saken \u00e4r klar.\u00a0<\/p>\n<p>Allra sjukast tycks en del individer i den stora supportergruppen vara.<\/p>\n<p>\u2013 Den senaste tiden har m\u00e4ngden hat men \u00e4ven hot skickat till v\u00e5ra medarbetare eskalerat och det \u00e4r n\u00e5got som vi som arbetsgivare ser allvarligt p\u00e5, <a href=\"https:\/\/www.hv71.se\/article\/82nat8v-3iaijd\/view\" target=\"_blank\" rel=\"noopener nofollow\">s\u00e4ger Richard Nylin till HV71:s webbsajt<\/a>.<\/p>\n<p>Varje normalt funtad hockeysupporter borde h\u00e5lla tummarna f\u00f6r att Liljander och Stillman tillfrisknar p\u00e5 ett bra s\u00e4tt.<\/p>\n<p>\u00a0<\/p>\n","protected":false},"excerpt":{"rendered":"Vad \u00e4r det som h\u00e4nder i HV71? Jag har naturligtvis inte hela bakgrunden, men: Vad i helsike \u00e4r&hellip;\n","protected":false},"author":2,"featured_media":136316,"comment_status":"","ping_status":"","sticky":false,"template":"","format":"standard","meta":{"footnotes":""},"categories":[5],"tags":[22,23,26,27,17,21,24,25,28,29,15,16,18,34,31,33,32,30,19,20],"class_list":{"0":"post-136315","1":"post","2":"type-post","3":"status-publish","4":"format-standard","5":"has-post-thumbnail","7":"category-rubriker","8":"tag-breaking-news","9":"tag-breakingnews","10":"tag-featured-news","11":"tag-featurednews","12":"tag-headlines","13":"tag-huvudnyheter","14":"tag-latest-news","15":"tag-latestnews","16":"tag-main-news","17":"tag-mainnews","18":"tag-news","19":"tag-nyheter","20":"tag-rubriker","21":"tag-se","22":"tag-svenska","23":"tag-sverige","24":"tag-sweden","25":"tag-swedish","26":"tag-top-stories","27":"tag-topstories"},"share_on_mastodon":{"url":"https:\/\/pubeurope.com\/@se\/115895878425141582","error":""},"_links":{"self":[{"href":"https:\/\/www.europesays.com\/se\/wp-json\/wp\/v2\/posts\/136315","targetHints":{"allow":["GET"]}}],"collection":[{"href":"https:\/\/www.europesays.com\/se\/wp-json\/wp\/v2\/posts"}],"about":[{"href":"https:\/\/www.europesays.com\/se\/wp-json\/wp\/v2\/types\/post"}],"author":[{"embeddable":true,"href":"https:\/\/www.europesays.com\/se\/wp-json\/wp\/v2\/users\/2"}],"replies":[{"embeddable":true,"href":"https:\/\/www.europesays.com\/se\/wp-json\/wp\/v2\/comments?post=136315"}],"version-history":[{"count":0,"href":"https:\/\/www.europesays.com\/se\/wp-json\/wp\/v2\/posts\/136315\/revisions"}],"wp:featuredmedia":[{"embeddable":true,"href":"https:\/\/www.europesays.com\/se\/wp-json\/wp\/v2\/media\/136316"}],"wp:attachment":[{"href":"https:\/\/www.europesays.com\/se\/wp-json\/wp\/v2\/media?parent=136315"}],"wp:term":[{"taxonomy":"category","embeddable":true,"href":"https:\/\/www.europesays.com\/se\/wp-json\/wp\/v2\/categories?post=136315"},{"taxonomy":"post_tag","embeddable":true,"href":"https:\/\/www.europesays.com\/se\/wp-json\/wp\/v2\/tags?post=136315"}],"curies":[{"name":"wp","href":"https:\/\/api.w.org\/{rel}","templated":true}]}}