{"id":136317,"date":"2026-01-14T22:46:06","date_gmt":"2026-01-14T22:46:06","guid":{"rendered":"https:\/\/www.europesays.com\/se\/136317\/"},"modified":"2026-01-14T22:46:06","modified_gmt":"2026-01-14T22:46:06","slug":"taljegard-klar-for-em-final-svenska-konstakningsforbundet","status":"publish","type":"post","link":"https:\/\/www.europesays.com\/se\/136317\/","title":{"rendered":"Taljeg\u00e5rd klar f\u00f6r EM-final | Svenska Konst\u00e5kningsf\u00f6rbundet"},"content":{"rendered":"<p class=\"normal\">Med startnummer 21 klev Josefin Taljeg\u00e5rd ut p\u00e5 isen med siktet inst\u00e4llt p\u00e5 \u00e4nnu en EM-final. Taljeg\u00e5rd genomf\u00f6rde ett stabilt kortprogram med h\u00f6ga niv\u00e5er i samtliga piruetter och i steget men d\u00e4r tekniska missar i hoppelementen drog ner po\u00e4ngen. Totalpo\u00e4ngen 50,44 r\u00e4ckte f\u00f6r att s\u00e4kra en plats bland de 24 fr\u00e4msta som tog sig vidare till finalen.<\/p>\n<p class=\"normal\">&#8211; Just nu \u00e4r jag b\u00e5de besviken och l\u00e4ttad. N\u00e4r jag klev av isen s\u00e5 visste jag att jag hade tekniska missar men inte att de skulle bli s\u00e5 kostsamma. Jag vet att jag kan s\u00e5 mycket mer och jag \u00e4r glad och l\u00e4ttad att jag har en ny chans att visa detta i finalen p\u00e5 fredag, s\u00e4ger Josefin Taljeg\u00e5rd efter kortprogrammet.<\/p>\n<p>Taljeg\u00e5rd, som nu \u00e4r klar f\u00f6r sin femte raka EM-final, forts\u00e4tter d\u00e4rmed sin stabila m\u00e4sterskapstrend.<\/p>\n<p class=\"normal\">&#8211; Josefin \u00e4r en \u00e5kare som alltid n\u00e5r ut till publiken med sina program och tolkning av musiken, och det gjorde hon \u00e4ven idag. Tekniskt sett fick hon inte full utdelning i hoppen, vilket p\u00e5verkade den tekniska po\u00e4ngen. Nu g\u00e4ller det att ta med sig helheten och att ladda om inf\u00f6r fredagens final, s\u00e4ger Anna Burwall, Konst\u00e5kningsf\u00f6rbundets sportchef.<\/p>\n<p class=\"normal\">Damernas final avg\u00f6rs p\u00e5 fredag med start kl19:00.<\/p>\n<p class=\"normal\">I morgon \u00e4r det dags f\u00f6r Andreas Nordeb\u00e4ck att kliva in i EM-t\u00e4vlingarna. Herrarnas kortprogram b\u00f6rjar kl 14:40 och med startnummer 11 ser vi Nordeb\u00e4ck p\u00e5 isen ca 16:12.<\/p>\n<p class=\"normal\">\u00a0<\/p>\n<p><strong>H\u00e5lltider EM 2026 f\u00f6r de svenska deltagarna <\/strong><\/p>\n<p class=\"normal\"><strong>Torsdag 15 januari<br \/><\/strong>14:20-19:00 Herrar, kortprogram (Andreas Nordeb\u00e4ck)<\/p>\n<p class=\"normal\"><strong>Fredag 16 januari<br \/><\/strong>13:30-18:00 Isdans, rytmisk dans (Milla Ruud Reitan\/Nikolaj Majorov)<br \/>19:00-23:00 Damer, fri\u00e5kning<\/p>\n<p class=\"normal\"><strong>L\u00f6rdag 17 januari<br \/><\/strong>14:00-18:00 Herrar, fri\u00e5kning<br \/>19:30-23:00 Isdans, fridans<\/p>\n<p><strong>S\u00e5 f\u00f6ljer du EM 2026<\/strong><strong>L\u00e4s mer om de svenska \u00e5karna i EM-truppen<\/strong><\/p>\n<ul class=\" env-text-list normal\">\n<li><strong><a href=\"https:\/\/www.skatesweden.se\/nyheter\/nyheter\/2025-12-15-uttagning-till-em-klar---har-ar-svenska-truppen\" rel=\"nofollow noopener\" target=\"_blank\">Svenska EM-truppen<\/a> \u2013 PRM 15 dec<\/strong><\/li>\n<\/ul>\n","protected":false},"excerpt":{"rendered":"Med startnummer 21 klev Josefin Taljeg\u00e5rd ut p\u00e5 isen med siktet inst\u00e4llt p\u00e5 \u00e4nnu en EM-final. Taljeg\u00e5rd genomf\u00f6rde&hellip;\n","protected":false},"author":2,"featured_media":136318,"comment_status":"","ping_status":"","sticky":false,"template":"","format":"standard","meta":{"footnotes":""},"categories":[68],"tags":[34,111,110,31,33,32,30],"class_list":{"0":"post-136317","1":"post","2":"type-post","3":"status-publish","4":"format-standard","5":"has-post-thumbnail","7":"category-sport","8":"tag-se","9":"tag-sport","10":"tag-sports","11":"tag-svenska","12":"tag-sverige","13":"tag-sweden","14":"tag-swedish"},"share_on_mastodon":{"url":"https:\/\/pubeurope.com\/@se\/115895886369782356","error":""},"_links":{"self":[{"href":"https:\/\/www.europesays.com\/se\/wp-json\/wp\/v2\/posts\/136317","targetHints":{"allow":["GET"]}}],"collection":[{"href":"https:\/\/www.europesays.com\/se\/wp-json\/wp\/v2\/posts"}],"about":[{"href":"https:\/\/www.europesays.com\/se\/wp-json\/wp\/v2\/types\/post"}],"author":[{"embeddable":true,"href":"https:\/\/www.europesays.com\/se\/wp-json\/wp\/v2\/users\/2"}],"replies":[{"embeddable":true,"href":"https:\/\/www.europesays.com\/se\/wp-json\/wp\/v2\/comments?post=136317"}],"version-history":[{"count":0,"href":"https:\/\/www.europesays.com\/se\/wp-json\/wp\/v2\/posts\/136317\/revisions"}],"wp:featuredmedia":[{"embeddable":true,"href":"https:\/\/www.europesays.com\/se\/wp-json\/wp\/v2\/media\/136318"}],"wp:attachment":[{"href":"https:\/\/www.europesays.com\/se\/wp-json\/wp\/v2\/media?parent=136317"}],"wp:term":[{"taxonomy":"category","embeddable":true,"href":"https:\/\/www.europesays.com\/se\/wp-json\/wp\/v2\/categories?post=136317"},{"taxonomy":"post_tag","embeddable":true,"href":"https:\/\/www.europesays.com\/se\/wp-json\/wp\/v2\/tags?post=136317"}],"curies":[{"name":"wp","href":"https:\/\/api.w.org\/{rel}","templated":true}]}}