{"id":136321,"date":"2026-01-14T22:51:20","date_gmt":"2026-01-14T22:51:20","guid":{"rendered":"https:\/\/www.europesays.com\/se\/136321\/"},"modified":"2026-01-14T22:51:20","modified_gmt":"2026-01-14T22:51:20","slug":"andreas-carlson-deltar-pa-transportforum","status":"publish","type":"post","link":"https:\/\/www.europesays.com\/se\/136321\/","title":{"rendered":"Andreas Carlson deltar p\u00e5 Transportforum"},"content":{"rendered":"<p>&#13;<br \/>\nDen 14 januari deltar infrastruktur- och bostadsminister Andreas Carlson p\u00e5 Transportforum i Link\u00f6ping.<\/p>\n<p>Infrastruktur- och bostadsminister Andreas Carlson kommer att h\u00e5lla ett inledningstal vid konferensens \u00f6ppnande och d\u00e4refter h\u00e5lla en presstr\u00e4ff kl. 11.15.<\/p>\n<p>Transportforum v\u00e4nder sig till offentliga och privata akt\u00f6rer inom transport och infrastruktur i Sverige, samt representanter fr\u00e5n universitet, h\u00f6gskolor och forskningsinstitut. Till Transportforum kommer f\u00f6retr\u00e4dare f\u00f6r statliga myndigheter, kommuner och landsting\/regioner, transportbranschen, konsultf\u00f6retag och organisationer. Konferensen arrangeras \u00e5rligen av Statens v\u00e4g- och transportforskningsinstitut, VTI, och p\u00e5g\u00e5r den 14-15 januari.<\/p>\n<p>Media kan ans\u00f6ka om ackreditering hos VTI via l\u00e4nken:\u00a0<a href=\"https:\/\/www.vti.se\/transportforum\/press-och-ackreditering\" rel=\"nofollow noopener\" target=\"_blank\">Press och ackreditering &#8211; vti.se\u00a0&#8211; extern webbplats,<\/a><\/p>\n","protected":false},"excerpt":{"rendered":"&#13; Den 14 januari deltar infrastruktur- och bostadsminister Andreas Carlson p\u00e5 Transportforum i Link\u00f6ping. Infrastruktur- och bostadsminister Andreas&hellip;\n","protected":false},"author":2,"featured_media":134209,"comment_status":"","ping_status":"","sticky":false,"template":"","format":"standard","meta":{"footnotes":""},"categories":[12],"tags":[22,23,26,27,17,21,24,25,28,29,15,16,18,34,31,33,32,30,19,20],"class_list":{"0":"post-136321","1":"post","2":"type-post","3":"status-publish","4":"format-standard","5":"has-post-thumbnail","7":"category-sverige","8":"tag-breaking-news","9":"tag-breakingnews","10":"tag-featured-news","11":"tag-featurednews","12":"tag-headlines","13":"tag-huvudnyheter","14":"tag-latest-news","15":"tag-latestnews","16":"tag-main-news","17":"tag-mainnews","18":"tag-news","19":"tag-nyheter","20":"tag-rubriker","21":"tag-se","22":"tag-svenska","23":"tag-sverige","24":"tag-sweden","25":"tag-swedish","26":"tag-top-stories","27":"tag-topstories"},"share_on_mastodon":{"url":"https:\/\/pubeurope.com\/@se\/115895906029932057","error":""},"_links":{"self":[{"href":"https:\/\/www.europesays.com\/se\/wp-json\/wp\/v2\/posts\/136321","targetHints":{"allow":["GET"]}}],"collection":[{"href":"https:\/\/www.europesays.com\/se\/wp-json\/wp\/v2\/posts"}],"about":[{"href":"https:\/\/www.europesays.com\/se\/wp-json\/wp\/v2\/types\/post"}],"author":[{"embeddable":true,"href":"https:\/\/www.europesays.com\/se\/wp-json\/wp\/v2\/users\/2"}],"replies":[{"embeddable":true,"href":"https:\/\/www.europesays.com\/se\/wp-json\/wp\/v2\/comments?post=136321"}],"version-history":[{"count":0,"href":"https:\/\/www.europesays.com\/se\/wp-json\/wp\/v2\/posts\/136321\/revisions"}],"wp:featuredmedia":[{"embeddable":true,"href":"https:\/\/www.europesays.com\/se\/wp-json\/wp\/v2\/media\/134209"}],"wp:attachment":[{"href":"https:\/\/www.europesays.com\/se\/wp-json\/wp\/v2\/media?parent=136321"}],"wp:term":[{"taxonomy":"category","embeddable":true,"href":"https:\/\/www.europesays.com\/se\/wp-json\/wp\/v2\/categories?post=136321"},{"taxonomy":"post_tag","embeddable":true,"href":"https:\/\/www.europesays.com\/se\/wp-json\/wp\/v2\/tags?post=136321"}],"curies":[{"name":"wp","href":"https:\/\/api.w.org\/{rel}","templated":true}]}}