{"id":136322,"date":"2026-01-14T22:52:14","date_gmt":"2026-01-14T22:52:14","guid":{"rendered":"https:\/\/www.europesays.com\/se\/136322\/"},"modified":"2026-01-14T22:52:14","modified_gmt":"2026-01-14T22:52:14","slug":"tillstandet-kritiskt-eleven-vardas-for-livshotande-skador-hudiksvalls-tidning","status":"publish","type":"post","link":"https:\/\/www.europesays.com\/se\/136322\/","title":{"rendered":"Tillst\u00e5ndet kritiskt \u2013 eleven v\u00e5rdas f\u00f6r livshotande skador &#8211; Hudiksvalls Tidning"},"content":{"rendered":"<ol>\n<li><a href=\"https:\/\/news.google.com\/rss\/articles\/CBMikAFBVV95cUxPNDRsZ09ZcjlVOXQzeWg5eDliakJfb2kwel91eU5lZ0x6cURLeDlubGpnT1ZRYklzNmJHUjhUejd5ZzBHQnowZmhUM3VxX0JaU0czOU9Yd3hPN0xqU252VFFIamN5aW10cGJDNmI0eXh1REhLV3ZlMFBEYjFVY2VEMkI0YkFWaXIxUUVRZFNtbjA?oc=5\" target=\"_blank\" rel=\"nofollow noopener\">Tillst\u00e5ndet kritiskt \u2013 eleven v\u00e5rdas f\u00f6r livshotande skador<\/a>&nbsp;&nbsp;Hudiksvalls Tidning<\/li>\n<li><a href=\"https:\/\/news.google.com\/rss\/articles\/CBMijgFBVV95cUxQQmcyY2EzNG1ib0p4NzZLYi1PQ2FrWEw4aVNFSmhBVHVCSThXSU90d2xWc00wc1hrN3NmNk9zQjdoR1FuYVBkcjBzYjdMc1dlN2UxVEZuY3c2dFc1dGJvWS11aUNRZE9FS1AtTVVxWVdRNlRWMnRmcUtFZW5tS2xkUkhEMmFLcFVpcXlfSS1n?oc=5\" target=\"_blank\" rel=\"nofollow noopener\">Elev allvarligt skadad p\u00e5 skola i Hassela<\/a>&nbsp;&nbsp;SVT Nyheter<\/li>\n<li><a href=\"https:\/\/news.google.com\/rss\/articles\/CBMimAFBVV95cUxNVHoxRWF6SlNkYzY0dnhsY1lXeHhtWmNVLUQ4YzBUbjJ6N216WHlKaGRnMFkxOG9lWnBRLXB2VjduZmlNN1lZRHluYUxMMTVuS2hXOXRzdUJkbHA0ZktnYi1vNGtiNmdFTDFOczNuX1J0QmNhamJZazZqUTJCZHlnYzZ2VXFtSmN3TzhmajM2bUhSaEJoREVPMA?oc=5\" target=\"_blank\" rel=\"nofollow noopener\">Sn\u00f6grotteras skakar Hassela \u2013 pojke har livshotande skador<\/a>&nbsp;&nbsp;Sveriges Radio<\/li>\n<li><a href=\"https:\/\/news.google.com\/rss\/articles\/CBMiakFVX3lxTFBVYktUejlIcnNkOHJ3UnJHMWU2Q3dnY3lwZXB3bG9qczhIVFdBNEl1clNWeWFTT29aYjlfRVdUWmNZYk9MUEpxb2tmYnBLQzlvZzU5di1ZR2dQUV9pRzVkZXpCTnBlOFNhQ3c?oc=5\" target=\"_blank\" rel=\"nofollow noopener\">Barn skadat i sn\u00f6grotta<\/a>&nbsp;&nbsp;8 Sidor<\/li>\n<li><a href=\"https:\/\/news.google.com\/rss\/articles\/CBMingFBVV95cUxPT1lDZEg5X2hBa2NNRVFodG83cVkzV2Vwa0dmMlVnNFdLMnVtNFgxSmtpeGszczEzcTdaTVZleGVoUWNUSk5JekQ2am1jNHduOU5yZXY3Z3gtd2J3VDc2Vmt3RTBXUXFxY3BmN2hmZkNjS25wM1BjOTY3VzFtbk9tUFJEeS0xNFhkTFRrLWhLbDRaZzFGTVE1T2pMWGdaUQ?oc=5\" target=\"_blank\" rel=\"nofollow noopener\">Inget f\u00f6rbud mot lek i sn\u00f6h\u00f6gar efter att barn skadats<\/a>&nbsp;&nbsp;TV4 Nyheterna<\/li>\n<\/ol>\n","protected":false},"excerpt":{"rendered":"Tillst\u00e5ndet kritiskt \u2013 eleven v\u00e5rdas f\u00f6r livshotande skador&nbsp;&nbsp;Hudiksvalls Tidning Elev allvarligt skadad p\u00e5 skola i Hassela&nbsp;&nbsp;SVT Nyheter Sn\u00f6grotteras&hellip;\n","protected":false},"author":2,"featured_media":136323,"comment_status":"","ping_status":"","sticky":false,"template":"","format":"standard","meta":{"footnotes":""},"categories":[5],"tags":[22,23,26,27,17,21,24,25,28,29,15,16,18,34,31,33,32,30,19,20],"class_list":{"0":"post-136322","1":"post","2":"type-post","3":"status-publish","4":"format-standard","5":"has-post-thumbnail","7":"category-rubriker","8":"tag-breaking-news","9":"tag-breakingnews","10":"tag-featured-news","11":"tag-featurednews","12":"tag-headlines","13":"tag-huvudnyheter","14":"tag-latest-news","15":"tag-latestnews","16":"tag-main-news","17":"tag-mainnews","18":"tag-news","19":"tag-nyheter","20":"tag-rubriker","21":"tag-se","22":"tag-svenska","23":"tag-sverige","24":"tag-sweden","25":"tag-swedish","26":"tag-top-stories","27":"tag-topstories"},"share_on_mastodon":{"url":"https:\/\/pubeurope.com\/@se\/115895909914180836","error":""},"_links":{"self":[{"href":"https:\/\/www.europesays.com\/se\/wp-json\/wp\/v2\/posts\/136322","targetHints":{"allow":["GET"]}}],"collection":[{"href":"https:\/\/www.europesays.com\/se\/wp-json\/wp\/v2\/posts"}],"about":[{"href":"https:\/\/www.europesays.com\/se\/wp-json\/wp\/v2\/types\/post"}],"author":[{"embeddable":true,"href":"https:\/\/www.europesays.com\/se\/wp-json\/wp\/v2\/users\/2"}],"replies":[{"embeddable":true,"href":"https:\/\/www.europesays.com\/se\/wp-json\/wp\/v2\/comments?post=136322"}],"version-history":[{"count":0,"href":"https:\/\/www.europesays.com\/se\/wp-json\/wp\/v2\/posts\/136322\/revisions"}],"wp:featuredmedia":[{"embeddable":true,"href":"https:\/\/www.europesays.com\/se\/wp-json\/wp\/v2\/media\/136323"}],"wp:attachment":[{"href":"https:\/\/www.europesays.com\/se\/wp-json\/wp\/v2\/media?parent=136322"}],"wp:term":[{"taxonomy":"category","embeddable":true,"href":"https:\/\/www.europesays.com\/se\/wp-json\/wp\/v2\/categories?post=136322"},{"taxonomy":"post_tag","embeddable":true,"href":"https:\/\/www.europesays.com\/se\/wp-json\/wp\/v2\/tags?post=136322"}],"curies":[{"name":"wp","href":"https:\/\/api.w.org\/{rel}","templated":true}]}}