{"id":136324,"date":"2026-01-14T22:54:08","date_gmt":"2026-01-14T22:54:08","guid":{"rendered":"https:\/\/www.europesays.com\/se\/136324\/"},"modified":"2026-01-14T22:54:08","modified_gmt":"2026-01-14T22:54:08","slug":"fotboll-viktor-gyokeres-malskytt-mot-chelsea-brot-torka","status":"publish","type":"post","link":"https:\/\/www.europesays.com\/se\/136324\/","title":{"rendered":"Fotboll: Viktor Gy\u00f6keres m\u00e5lskytt mot Chelsea \u2013 br\u00f6t torka"},"content":{"rendered":"<p>M\u00e5let betydde 2\u20130 p\u00e5 tavlan och var Gy\u00f6keres \u00e5ttonde f\u00f6r s\u00e4songen.<\/p>\n<p>Tidigt i den f\u00f6rsta halvleken sl\u00e4ngde han sig fram och tryckte in bollen i \u00f6ppen kasse, efter en fin framspelning av 1\u20130-m\u00e5lskytten Ben White.<\/p>\n<p>M\u00e5let innebar att svensken br\u00f6t en m\u00e5ltorka \u2013 i alla fall n\u00e4r det g\u00e4ller m\u00e5l fr\u00e5n \u00f6ppet spel.<\/p>\n<p>Br\u00f6t l\u00e5ng torka: \u201dKan g\u00f6ra det oftare\u201d<\/p>\n<p>Senaste g\u00e5ngen svensken gjorde m\u00e5l f\u00f6r Arsenal var f\u00f6r en knapp m\u00e5nad sedan, mot Everton p\u00e5 straff.<\/p>\n<p>Men det senaste spelm\u00e5let var dock mot Burnley, den 1 november. Sedan dess har Gy\u00f6keres spelat tio matcher utan att g\u00f6ra m\u00e5l fr\u00e5n \u00f6ppet spel.<\/p>\n<p>Mot Chelsea fick svensken skriva in sig i m\u00e5lprotokollet igen.<\/p>\n<p>\u2013 Det \u00e4r vad jag beh\u00f6ver g\u00f6ra och jag kan g\u00f6ra det oftare. Vi vann i dag och vi ska bara forts\u00e4tta nu, s\u00e4ger Gy\u00f6keres till Sky Sports.<\/p>\n<p>Assisterade till 3\u20131<\/p>\n<p>I den 70:e minuten spelade Viktor Gy\u00f6keres dessutom fram till Martin Zubimendi, som satte 3\u20131.<\/p>\n<p>Matchen slutade 3\u20132 till Arsenal. Svensken byttes ut i den 82:a minuten.<\/p>\n<p>Onsdagens semifinal mellan lagen var det f\u00f6rsta m\u00f6tet av tv\u00e5. Londonklubbarna m\u00f6ts igen den 3 februari, d\u00e5 p\u00e5 Arsenals hemmaplan Emirates Stadium.<\/p>\n","protected":false},"excerpt":{"rendered":"M\u00e5let betydde 2\u20130 p\u00e5 tavlan och var Gy\u00f6keres \u00e5ttonde f\u00f6r s\u00e4songen. Tidigt i den f\u00f6rsta halvleken sl\u00e4ngde han&hellip;\n","protected":false},"author":2,"featured_media":136325,"comment_status":"","ping_status":"","sticky":false,"template":"","format":"standard","meta":{"footnotes":""},"categories":[68],"tags":[34,111,110,31,33,32,30],"class_list":{"0":"post-136324","1":"post","2":"type-post","3":"status-publish","4":"format-standard","5":"has-post-thumbnail","7":"category-sport","8":"tag-se","9":"tag-sport","10":"tag-sports","11":"tag-svenska","12":"tag-sverige","13":"tag-sweden","14":"tag-swedish"},"share_on_mastodon":{"url":"https:\/\/pubeurope.com\/@se\/115895917773184627","error":""},"_links":{"self":[{"href":"https:\/\/www.europesays.com\/se\/wp-json\/wp\/v2\/posts\/136324","targetHints":{"allow":["GET"]}}],"collection":[{"href":"https:\/\/www.europesays.com\/se\/wp-json\/wp\/v2\/posts"}],"about":[{"href":"https:\/\/www.europesays.com\/se\/wp-json\/wp\/v2\/types\/post"}],"author":[{"embeddable":true,"href":"https:\/\/www.europesays.com\/se\/wp-json\/wp\/v2\/users\/2"}],"replies":[{"embeddable":true,"href":"https:\/\/www.europesays.com\/se\/wp-json\/wp\/v2\/comments?post=136324"}],"version-history":[{"count":0,"href":"https:\/\/www.europesays.com\/se\/wp-json\/wp\/v2\/posts\/136324\/revisions"}],"wp:featuredmedia":[{"embeddable":true,"href":"https:\/\/www.europesays.com\/se\/wp-json\/wp\/v2\/media\/136325"}],"wp:attachment":[{"href":"https:\/\/www.europesays.com\/se\/wp-json\/wp\/v2\/media?parent=136324"}],"wp:term":[{"taxonomy":"category","embeddable":true,"href":"https:\/\/www.europesays.com\/se\/wp-json\/wp\/v2\/categories?post=136324"},{"taxonomy":"post_tag","embeddable":true,"href":"https:\/\/www.europesays.com\/se\/wp-json\/wp\/v2\/tags?post=136324"}],"curies":[{"name":"wp","href":"https:\/\/api.w.org\/{rel}","templated":true}]}}